{"id":86827,"date":"2022-12-16T14:27:05","date_gmt":"2022-12-16T20:27:05","guid":{"rendered":"https:\/\/nvnoticias.mx\/?p=86827"},"modified":"2022-12-16T14:27:06","modified_gmt":"2022-12-16T20:27:06","slug":"carga-onu-contra-suspension-arbitraria-de-periodistas-en-twitter","status":"publish","type":"post","link":"https:\/\/nvnoticias.mx\/index.php\/2022\/12\/16\/carga-onu-contra-suspension-arbitraria-de-periodistas-en-twitter\/","title":{"rendered":"Carga ONU contra \u2018suspensi\u00f3n arbitraria\u2019 de periodistas en Twitter"},"content":{"rendered":"\n<p>La ONU se mostr\u00f3 este viernes muy preocupada por la \u201csuspensi\u00f3n arbitraria\u201d de las cuentas de varios periodistas en Twitter y asegur\u00f3 que este movimiento supone \u201cun peligroso precedente\u201d en un momento de censura y amenazas contra los profesionales de los medios de comunicaci\u00f3n en muchos lugares del mundo.<\/p>\n\n\n\n<blockquote class=\"wp-block-quote is-layout-flow wp-block-quote-is-layout-flow\"><p>\u201cLas voces de los medios no deber\u00edan ser silenciadas en una plataforma que dice dar espacio para la libertad de expresi\u00f3n\u201d, se\u00f1al\u00f3 el portavoz de la organizaci\u00f3n, St\u00e9phane Dujarric, preguntado durante su conferencia de prensa diaria.<\/p><\/blockquote>\n\n\n\n<p>Seg\u00fan Dujarric, Naciones Unidas est\u00e1 \u201cmuy perturbada\u201d por la medida y est\u00e1 manteniendo contactos con Twitter, que el jueves suspendi\u00f3 varias cuentas de periodistas que cubren a la empresa o a su propietario, Elon Musk.<\/p>\n\n\n\n<blockquote class=\"wp-block-quote is-layout-flow wp-block-quote-is-layout-flow\"><p>\u201cDesde nuestro punto de vista, este movimiento crea un peligroso precedente en un momento en el que periodistas en todo el mundo se enfrentan a censura, a amenazas f\u00edsicas e incluso cosas peores\u201d, se\u00f1al\u00f3 el portavoz.<\/p><\/blockquote>\n\n\n\n<p>Fuente: <a href=\"https:\/\/www.forbes.com.mx\/onu-carga-contra-suspension-arbitraria-de-periodistas-en-twitter\/\" data-type=\"URL\" data-id=\"https:\/\/www.forbes.com.mx\/onu-carga-contra-suspension-arbitraria-de-periodistas-en-twitter\/\">Forbes<\/a><\/p>\n","protected":false},"excerpt":{"rendered":"<p>La ONU se mostr\u00f3 este viernes muy preocupada por la \u201csuspensi\u00f3n arbitraria\u201d de las cuentas de varios periodistas en Twitter y asegur\u00f3 que este movimiento supone \u201cun peligroso precedente\u201d en un momento de censura y amenazas contra los profesionales de los medios de comunicaci\u00f3n en muchos lugares del mundo. \u201cLas voces de los medios no [&hellip;]<\/p>\n","protected":false},"author":35,"featured_media":19839,"comment_status":"open","ping_status":"open","sticky":false,"template":"","format":"standard","meta":{"_monsterinsights_skip_tracking":false,"_monsterinsights_sitenote_active":false,"_monsterinsights_sitenote_note":"","_monsterinsights_sitenote_category":0,"footnotes":""},"categories":[181],"tags":[18537,5459,513,457,21877,231],"class_list":["post-86827","post","type-post","status-publish","format-standard","has-post-thumbnail","hentry","category-internacional","tag-carga","tag-contra","tag-onu","tag-periodistas","tag-suspension-arbitraria","tag-twitter","wp-image-borders"],"amp_enabled":true,"_links":{"self":[{"href":"https:\/\/nvnoticias.mx\/index.php\/wp-json\/wp\/v2\/posts\/86827","targetHints":{"allow":["GET"]}}],"collection":[{"href":"https:\/\/nvnoticias.mx\/index.php\/wp-json\/wp\/v2\/posts"}],"about":[{"href":"https:\/\/nvnoticias.mx\/index.php\/wp-json\/wp\/v2\/types\/post"}],"author":[{"embeddable":true,"href":"https:\/\/nvnoticias.mx\/index.php\/wp-json\/wp\/v2\/users\/35"}],"replies":[{"embeddable":true,"href":"https:\/\/nvnoticias.mx\/index.php\/wp-json\/wp\/v2\/comments?post=86827"}],"version-history":[{"count":1,"href":"https:\/\/nvnoticias.mx\/index.php\/wp-json\/wp\/v2\/posts\/86827\/revisions"}],"predecessor-version":[{"id":86839,"href":"https:\/\/nvnoticias.mx\/index.php\/wp-json\/wp\/v2\/posts\/86827\/revisions\/86839"}],"wp:featuredmedia":[{"embeddable":true,"href":"https:\/\/nvnoticias.mx\/index.php\/wp-json\/wp\/v2\/media\/19839"}],"wp:attachment":[{"href":"https:\/\/nvnoticias.mx\/index.php\/wp-json\/wp\/v2\/media?parent=86827"}],"wp:term":[{"taxonomy":"category","embeddable":true,"href":"https:\/\/nvnoticias.mx\/index.php\/wp-json\/wp\/v2\/categories?post=86827"},{"taxonomy":"post_tag","embeddable":true,"href":"https:\/\/nvnoticias.mx\/index.php\/wp-json\/wp\/v2\/tags?post=86827"}],"curies":[{"name":"wp","href":"https:\/\/api.w.org\/{rel}","templated":true}]}}