{"id":86797,"date":"2022-12-16T11:46:17","date_gmt":"2022-12-16T17:46:17","guid":{"rendered":"https:\/\/nvnoticias.mx\/?p=86797"},"modified":"2022-12-16T11:46:17","modified_gmt":"2022-12-16T17:46:17","slug":"nuevas-industrias-demandaran-mas-electricidad-en-el-sur-del-pais","status":"publish","type":"post","link":"https:\/\/nvnoticias.mx\/index.php\/2022\/12\/16\/nuevas-industrias-demandaran-mas-electricidad-en-el-sur-del-pais\/","title":{"rendered":"Nuevas industrias demandar\u00e1n m\u00e1s electricidad en el sur del pa\u00eds"},"content":{"rendered":"\n<p><strong>Jes\u00fas Utrilla \/ NV Noticias<\/strong><\/p>\n\n\n\n<p>La construcci\u00f3n del Corredor Interoce\u00e1nico del Istmo de Tehuantepec atraer\u00e1 nuevas industrias y se necesitar\u00e1 satisfacer el aumento en la demanda de electricidad.<\/p>\n\n\n\n<p>Sergio Omar Salda\u00f1a Zorrilla, responsable de la Subsecretar\u00eda de Electricidad SENER, dijo que se deber\u00e1 fortalecer el sistema el\u00e9ctrico para poder garantizar el suministro de las compa\u00f1\u00edas que se instalen en los 10 polos de desarrollo.<\/p>\n\n\n\n<p>La migraci\u00f3n industrial tambi\u00e9n se registrar\u00e1 en la frontera norte del pa\u00eds, producto de reactivaci\u00f3n econ\u00f3mica<\/p>\n\n\n\n<blockquote class=\"wp-block-quote is-layout-flow wp-block-quote-is-layout-flow\"><p>&#8220;<em>Cuando comenz\u00f3 el actual gobierno la expectativa de demanda de electricidad no era tan alto, pero la reactivaci\u00f3n econ\u00f3mica conlleva un aumento y est\u00e1 previsto que el fen\u00f3meno de migraci\u00f3n industrial que se viene aumente esa demanda. Como el corredor interoce\u00e1nico pero tambi\u00e9n en la frontera norte<\/em>&#8220;.<\/p><\/blockquote>\n\n\n\n<p>Para lograr los objetivos se busca el aprovechamiento de todos los caudales del pa\u00eds, mediante la construcci\u00f3n de peque\u00f1as hidroel\u00e9ctricas<\/p>\n\n\n\n<p>Record\u00f3 que el sur del pa\u00eds es rico en cuerpos de agua pero existe subutilizaci\u00f3n.<\/p>\n\n\n\n<blockquote class=\"wp-block-quote is-layout-flow wp-block-quote-is-layout-flow\"><p>&#8220;<em>Se aumentar\u00eda del 16 al 20 por ciento la generaci\u00f3n hidroel\u00e9ctrica. Comparado con grandes hidroel\u00e9ctricas son inversiones m\u00f3dicas. Si lo comparamos con inversiones enormes que tenemos en el sector no seria algo grande<\/em>&#8220;.<\/p><\/blockquote>\n\n\n\n<p>El proyecto se coordina con la Comisi\u00f3n Federal de Electricidad y la Comisi\u00f3n Nacional del Agua.<\/p>\n","protected":false},"excerpt":{"rendered":"<p>Jes\u00fas Utrilla \/ NV Noticias La construcci\u00f3n del Corredor Interoce\u00e1nico del Istmo de Tehuantepec atraer\u00e1 nuevas industrias y se necesitar\u00e1 satisfacer el aumento en la demanda de electricidad. Sergio Omar Salda\u00f1a Zorrilla, responsable de la Subsecretar\u00eda de Electricidad SENER, dijo que se deber\u00e1 fortalecer el sistema el\u00e9ctrico para poder garantizar el suministro de las compa\u00f1\u00edas [&hellip;]<\/p>\n","protected":false},"author":8,"featured_media":63895,"comment_status":"open","ping_status":"open","sticky":false,"template":"","format":"standard","meta":{"_monsterinsights_skip_tracking":false,"_monsterinsights_sitenote_active":false,"_monsterinsights_sitenote_note":"","_monsterinsights_sitenote_category":0,"footnotes":""},"categories":[154],"tags":[1465,21871,1593],"class_list":["post-86797","post","type-post","status-publish","format-standard","has-post-thumbnail","hentry","category-veracruz","tag-electricidad","tag-nuevas-industrias","tag-sener","wp-image-borders"],"amp_enabled":true,"_links":{"self":[{"href":"https:\/\/nvnoticias.mx\/index.php\/wp-json\/wp\/v2\/posts\/86797","targetHints":{"allow":["GET"]}}],"collection":[{"href":"https:\/\/nvnoticias.mx\/index.php\/wp-json\/wp\/v2\/posts"}],"about":[{"href":"https:\/\/nvnoticias.mx\/index.php\/wp-json\/wp\/v2\/types\/post"}],"author":[{"embeddable":true,"href":"https:\/\/nvnoticias.mx\/index.php\/wp-json\/wp\/v2\/users\/8"}],"replies":[{"embeddable":true,"href":"https:\/\/nvnoticias.mx\/index.php\/wp-json\/wp\/v2\/comments?post=86797"}],"version-history":[{"count":1,"href":"https:\/\/nvnoticias.mx\/index.php\/wp-json\/wp\/v2\/posts\/86797\/revisions"}],"predecessor-version":[{"id":86798,"href":"https:\/\/nvnoticias.mx\/index.php\/wp-json\/wp\/v2\/posts\/86797\/revisions\/86798"}],"wp:featuredmedia":[{"embeddable":true,"href":"https:\/\/nvnoticias.mx\/index.php\/wp-json\/wp\/v2\/media\/63895"}],"wp:attachment":[{"href":"https:\/\/nvnoticias.mx\/index.php\/wp-json\/wp\/v2\/media?parent=86797"}],"wp:term":[{"taxonomy":"category","embeddable":true,"href":"https:\/\/nvnoticias.mx\/index.php\/wp-json\/wp\/v2\/categories?post=86797"},{"taxonomy":"post_tag","embeddable":true,"href":"https:\/\/nvnoticias.mx\/index.php\/wp-json\/wp\/v2\/tags?post=86797"}],"curies":[{"name":"wp","href":"https:\/\/api.w.org\/{rel}","templated":true}]}}