{"id":86787,"date":"2022-12-16T11:19:37","date_gmt":"2022-12-16T17:19:37","guid":{"rendered":"https:\/\/nvnoticias.mx\/?p=86787"},"modified":"2022-12-16T11:21:24","modified_gmt":"2022-12-16T17:21:24","slug":"dos-jugadores-mas-de-francia-se-enferman-previo-a-la-final-del-mundial-contra-argentina","status":"publish","type":"post","link":"https:\/\/nvnoticias.mx\/index.php\/2022\/12\/16\/dos-jugadores-mas-de-francia-se-enferman-previo-a-la-final-del-mundial-contra-argentina\/","title":{"rendered":"Dos jugadores m\u00e1s de Francia se enferman previo a la final del Mundial contra Argentina"},"content":{"rendered":"\n<p>Raphael Varane e Ibrahima Konat\u00e9 se suman a la oleada de enfermos con fiebre que afecta ya a cinco jugadores de la selecci\u00f3n francesa. <\/p>\n\n\n\n<p>Kingsley Coman se ha mantenido este jueves al margen del grupo un d\u00eda despu\u00e9s de haber tenido s\u00edntomas por un virus que afect\u00f3 a Dayot Upamecano y a Adrien Rabiot antes de la semifinal contra Marruecos de este mi\u00e9rcoles. <\/p>\n\n\n\n<p>El primero estuvo en el banquillo, restablecido del proceso febril, aunque no jug\u00f3 por estar algo bajo de forma, seg\u00fan explic\u00f3 el seleccionador, Didier Deschamps. En cuanto a Rabiot, ni siquiera acudi\u00f3 al estadio y al d\u00eda siguiente se entren\u00f3 al margen del resto de sus compa\u00f1eros. <\/p>\n\n\n\n<p>Francia ha negado en todo momento que se trate de un brote de covid, aunque ha incrementado los gestos de prudencia en el seno de la concentraci\u00f3n para evitar m\u00e1s contagios. <\/p>\n\n\n\n<p>Deschamps indic\u00f3 que se trata de fiebre ligada al fr\u00edo, por el a\u00edre acondicionado y por la bajada de las temperaturas en Doha en los \u00faltimos d\u00edas. <\/p>\n\n\n\n<p>Fuente: <a href=\"https:\/\/www.milenio.com\/futbol-internacional\/mundial\/varane-konate-suman-infectados-francia-virus-qatar\">Milenio<\/a><\/p>\n","protected":false},"excerpt":{"rendered":"<p>Raphael Varane e Ibrahima Konat\u00e9 se suman a la oleada de enfermos con fiebre que afecta ya a cinco jugadores de la selecci\u00f3n francesa. Kingsley Coman se ha mantenido este jueves al margen del grupo un d\u00eda despu\u00e9s de haber tenido s\u00edntomas por un virus que afect\u00f3 a Dayot Upamecano y a Adrien Rabiot antes [&hellip;]<\/p>\n","protected":false},"author":8,"featured_media":86788,"comment_status":"open","ping_status":"open","sticky":false,"template":"","format":"standard","meta":{"_monsterinsights_skip_tracking":false,"_monsterinsights_sitenote_active":false,"_monsterinsights_sitenote_note":"","_monsterinsights_sitenote_category":0,"footnotes":""},"categories":[159],"tags":[1056,3669,6461,1036],"class_list":["post-86787","post","type-post","status-publish","format-standard","has-post-thumbnail","hentry","category-deportes","tag-francia","tag-jugadores","tag-mundial-de-qatar-2022","tag-virus","wp-image-borders"],"amp_enabled":true,"_links":{"self":[{"href":"https:\/\/nvnoticias.mx\/index.php\/wp-json\/wp\/v2\/posts\/86787","targetHints":{"allow":["GET"]}}],"collection":[{"href":"https:\/\/nvnoticias.mx\/index.php\/wp-json\/wp\/v2\/posts"}],"about":[{"href":"https:\/\/nvnoticias.mx\/index.php\/wp-json\/wp\/v2\/types\/post"}],"author":[{"embeddable":true,"href":"https:\/\/nvnoticias.mx\/index.php\/wp-json\/wp\/v2\/users\/8"}],"replies":[{"embeddable":true,"href":"https:\/\/nvnoticias.mx\/index.php\/wp-json\/wp\/v2\/comments?post=86787"}],"version-history":[{"count":2,"href":"https:\/\/nvnoticias.mx\/index.php\/wp-json\/wp\/v2\/posts\/86787\/revisions"}],"predecessor-version":[{"id":86790,"href":"https:\/\/nvnoticias.mx\/index.php\/wp-json\/wp\/v2\/posts\/86787\/revisions\/86790"}],"wp:featuredmedia":[{"embeddable":true,"href":"https:\/\/nvnoticias.mx\/index.php\/wp-json\/wp\/v2\/media\/86788"}],"wp:attachment":[{"href":"https:\/\/nvnoticias.mx\/index.php\/wp-json\/wp\/v2\/media?parent=86787"}],"wp:term":[{"taxonomy":"category","embeddable":true,"href":"https:\/\/nvnoticias.mx\/index.php\/wp-json\/wp\/v2\/categories?post=86787"},{"taxonomy":"post_tag","embeddable":true,"href":"https:\/\/nvnoticias.mx\/index.php\/wp-json\/wp\/v2\/tags?post=86787"}],"curies":[{"name":"wp","href":"https:\/\/api.w.org\/{rel}","templated":true}]}}