{"id":86783,"date":"2022-12-16T11:08:14","date_gmt":"2022-12-16T17:08:14","guid":{"rendered":"https:\/\/nvnoticias.mx\/?p=86783"},"modified":"2022-12-16T11:09:29","modified_gmt":"2022-12-16T17:09:29","slug":"fallecio-sinisa-mihajlovic-exjugador-y-entrenador-serbio-a-los-53-anos-padecia-leucemia","status":"publish","type":"post","link":"https:\/\/nvnoticias.mx\/index.php\/2022\/12\/16\/fallecio-sinisa-mihajlovic-exjugador-y-entrenador-serbio-a-los-53-anos-padecia-leucemia\/","title":{"rendered":"Falleci\u00f3 Sinisa Mihajlovic, exjugador y entrenador serbio a los 53 a\u00f1os; padec\u00eda leucemia"},"content":{"rendered":"\n<p>El mundo del futbol est\u00e1 de luto luego de que se dio a conocer la&nbsp;muerte&nbsp;del exfutbolista y entrenador serbio&nbsp;Sinisa Mihajlovic, quien a los 53 a\u00f1os de edad&nbsp;perdi\u00f3 la batalla contra la leucemia.<\/p>\n\n\n\n<blockquote class=\"wp-block-quote is-layout-flow wp-block-quote-is-layout-flow\"><p>&#8220;<em>La esposa Arianna, con sus hijos Viktorija, Virginia, Miroslav, Dusan y Nikolas, su nieta Violante, su madre Vikyorija y su hermano Drazen, desde el dolor comunican la injusta y prematura muerte de su ejemplar esposo, padre, hijo y hermano, Sinisa Mihajlovic.<\/em> <\/p><p><\/p><p>&#8220;<em>Un hombre \u00fanico, un profesional extraordinario, servicial y bueno con todo el mundo, que luch\u00f3 valientemente contra una enfermedad horrible. Damos las gracias a los m\u00e9dicos y enfermeras que le han seguido a lo largo de los a\u00f1os, con cari\u00f1o y respeto. Sinisa siempre estar\u00e1 con nosotros. Vivo con todo el amor que nos dio<\/em>&#8220;, se lee en el comunicado.<\/p><\/blockquote>\n\n\n\n<p>Mihajlovic como futbolista defendi\u00f3 las camisetas de Borovo, Vojvodina, Estrella Roja, Roma, Sampdoria, Lazio e Inter y como entrenador estuvo con Bolonia, Catania, Fiorentina, Serbia, Sampdoria, Milan, Torino, Sporting de Lisboa.<\/p>\n\n\n\n<p>Fuente: <a href=\"https:\/\/www.tudn.com\/futbol\/sinisa-mihajlovic-perdio-la-vida-a-los-53-anos-padecia-leucemia\">TUDN<\/a><\/p>\n","protected":false},"excerpt":{"rendered":"<p>El mundo del futbol est\u00e1 de luto luego de que se dio a conocer la&nbsp;muerte&nbsp;del exfutbolista y entrenador serbio&nbsp;Sinisa Mihajlovic, quien a los 53 a\u00f1os de edad&nbsp;perdi\u00f3 la batalla contra la leucemia. &#8220;La esposa Arianna, con sus hijos Viktorija, Virginia, Miroslav, Dusan y Nikolas, su nieta Violante, su madre Vikyorija y su hermano Drazen, desde [&hellip;]<\/p>\n","protected":false},"author":8,"featured_media":86785,"comment_status":"open","ping_status":"open","sticky":false,"template":"","format":"standard","meta":{"_monsterinsights_skip_tracking":false,"_monsterinsights_sitenote_active":false,"_monsterinsights_sitenote_note":"","_monsterinsights_sitenote_category":0,"footnotes":""},"categories":[159],"tags":[8185,14566,9533,21870],"class_list":["post-86783","post","type-post","status-publish","format-standard","has-post-thumbnail","hentry","category-deportes","tag-entrenador","tag-exjugador","tag-leucemia","tag-sinisa-mihajlovic","wp-image-borders"],"amp_enabled":true,"_links":{"self":[{"href":"https:\/\/nvnoticias.mx\/index.php\/wp-json\/wp\/v2\/posts\/86783","targetHints":{"allow":["GET"]}}],"collection":[{"href":"https:\/\/nvnoticias.mx\/index.php\/wp-json\/wp\/v2\/posts"}],"about":[{"href":"https:\/\/nvnoticias.mx\/index.php\/wp-json\/wp\/v2\/types\/post"}],"author":[{"embeddable":true,"href":"https:\/\/nvnoticias.mx\/index.php\/wp-json\/wp\/v2\/users\/8"}],"replies":[{"embeddable":true,"href":"https:\/\/nvnoticias.mx\/index.php\/wp-json\/wp\/v2\/comments?post=86783"}],"version-history":[{"count":2,"href":"https:\/\/nvnoticias.mx\/index.php\/wp-json\/wp\/v2\/posts\/86783\/revisions"}],"predecessor-version":[{"id":86786,"href":"https:\/\/nvnoticias.mx\/index.php\/wp-json\/wp\/v2\/posts\/86783\/revisions\/86786"}],"wp:featuredmedia":[{"embeddable":true,"href":"https:\/\/nvnoticias.mx\/index.php\/wp-json\/wp\/v2\/media\/86785"}],"wp:attachment":[{"href":"https:\/\/nvnoticias.mx\/index.php\/wp-json\/wp\/v2\/media?parent=86783"}],"wp:term":[{"taxonomy":"category","embeddable":true,"href":"https:\/\/nvnoticias.mx\/index.php\/wp-json\/wp\/v2\/categories?post=86783"},{"taxonomy":"post_tag","embeddable":true,"href":"https:\/\/nvnoticias.mx\/index.php\/wp-json\/wp\/v2\/tags?post=86783"}],"curies":[{"name":"wp","href":"https:\/\/api.w.org\/{rel}","templated":true}]}}