{"id":86746,"date":"2022-12-16T09:44:23","date_gmt":"2022-12-16T15:44:23","guid":{"rendered":"https:\/\/nvnoticias.mx\/?p=86746"},"modified":"2022-12-16T09:44:24","modified_gmt":"2022-12-16T15:44:24","slug":"senala-lorenzo-cordova-que-vendra-una-batalla-juridica-por-reforma-electoral","status":"publish","type":"post","link":"https:\/\/nvnoticias.mx\/index.php\/2022\/12\/16\/senala-lorenzo-cordova-que-vendra-una-batalla-juridica-por-reforma-electoral\/","title":{"rendered":"Se\u00f1ala Lorenzo C\u00f3rdova que vendr\u00e1 una batalla jur\u00eddica por reforma electoral"},"content":{"rendered":"\n<p>Tras advertir que una \u201cmayor\u00eda tir\u00e1nica\u201d no puede derrotar la construcci\u00f3n del&nbsp;<strong>sistema electoral<\/strong>, el consejero presidente del INE,<strong>&nbsp;Lorenzo C\u00f3rdova&nbsp;<\/strong>se\u00f1al\u00f3 que vendr\u00e1 una batalla jur\u00eddica por la reforma electoral.&nbsp;<\/p>\n\n\n\n<blockquote class=\"wp-block-quote is-layout-flow wp-block-quote-is-layout-flow\"><p>\u201cVa a venir una dura y ardua batalla jur\u00eddica en la que quienes estamos convencidos de que el sistema electoral que hemos construido, si bien es perfectible, es una conquista de todas y todos que una mayor\u00eda tir\u00e1nica no nos puede arrebatar\u201d, sostuvo.&nbsp;<\/p><\/blockquote>\n\n\n\n<p>\u201cHay quien pretende echar a doblar las campanas por la democracia y por el INE. A ellos creo que hay que decirles que guarden las palas porque no son tiempos todav\u00eda de entierro\u201d, expres\u00f3 el consejero presidente.&nbsp;<\/p>\n\n\n\n<p>Durante la inauguraci\u00f3n del II&nbsp;<strong>Encuentro Nacional del Mecanismo de Seguimiento y Gobernanza<\/strong>, Lorenzo C\u00f3rdova afirm\u00f3 que van a explotar todos los cauces jur\u00eddicos que est\u00e9n al alcance de la ciudadan\u00eda y las instituciones \u201cpara que salvemos la democracia\u201d, la cual afirm\u00f3 que no es una construcci\u00f3n de uno, sino de todos.&nbsp;<\/p>\n\n\n\n<p>A fin de evitar una regresi\u00f3n democr\u00e1tica, subray\u00f3 que M\u00e9xico tiene una enorme tarea y desaf\u00edo hist\u00f3rico, el cual es preservar \u201clo bueno de lo poco que hemos hecho bien en las \u00faltimas tres d\u00e9cadas\u201d.&nbsp;<\/p>\n\n\n\n<p>El consejero se\u00f1al\u00f3 que han consolidado un sistema democr\u00e1tico en el que los ciudadanos pueden emitir un voto libre en elecciones aut\u00e9nticas y con autoridades aut\u00f3nomas del poder e independientes de los intereses de partidos.&nbsp;<\/p>\n\n\n\n<blockquote class=\"wp-block-quote is-layout-flow wp-block-quote-is-layout-flow\"><p>\u201cEsa es una conquista democr\u00e1tica que no podemos, corrijo, que no vamos a permitir perder\u201d, concluy\u00f3.<\/p><\/blockquote>\n\n\n\n<p>Fuente: <a href=\"https:\/\/www.eluniversal.com.mx\/nacion\/guarden-las-palas-porque-no-son-tiempos-todavia-de-entierro-lorenzo-cordova\" data-type=\"URL\" data-id=\"https:\/\/www.eluniversal.com.mx\/nacion\/guarden-las-palas-porque-no-son-tiempos-todavia-de-entierro-lorenzo-cordova\">El Universal<\/a><\/p>\n","protected":false},"excerpt":{"rendered":"<p>Tras advertir que una \u201cmayor\u00eda tir\u00e1nica\u201d no puede derrotar la construcci\u00f3n del&nbsp;sistema electoral, el consejero presidente del INE,&nbsp;Lorenzo C\u00f3rdova&nbsp;se\u00f1al\u00f3 que vendr\u00e1 una batalla jur\u00eddica por la reforma electoral.&nbsp; \u201cVa a venir una dura y ardua batalla jur\u00eddica en la que quienes estamos convencidos de que el sistema electoral que hemos construido, si bien es perfectible, [&hellip;]<\/p>\n","protected":false},"author":35,"featured_media":24327,"comment_status":"open","ping_status":"open","sticky":false,"template":"","format":"standard","meta":{"_monsterinsights_skip_tracking":false,"_monsterinsights_sitenote_active":false,"_monsterinsights_sitenote_note":"","_monsterinsights_sitenote_category":0,"footnotes":""},"categories":[158],"tags":[8681,21864,1609,1942,10739,10985],"class_list":["post-86746","post","type-post","status-publish","format-standard","has-post-thumbnail","hentry","category-politica","tag-batalla","tag-juridica","tag-lorenzo-cordova","tag-reforma","tag-senala","tag-vendra","wp-image-borders"],"amp_enabled":true,"_links":{"self":[{"href":"https:\/\/nvnoticias.mx\/index.php\/wp-json\/wp\/v2\/posts\/86746","targetHints":{"allow":["GET"]}}],"collection":[{"href":"https:\/\/nvnoticias.mx\/index.php\/wp-json\/wp\/v2\/posts"}],"about":[{"href":"https:\/\/nvnoticias.mx\/index.php\/wp-json\/wp\/v2\/types\/post"}],"author":[{"embeddable":true,"href":"https:\/\/nvnoticias.mx\/index.php\/wp-json\/wp\/v2\/users\/35"}],"replies":[{"embeddable":true,"href":"https:\/\/nvnoticias.mx\/index.php\/wp-json\/wp\/v2\/comments?post=86746"}],"version-history":[{"count":6,"href":"https:\/\/nvnoticias.mx\/index.php\/wp-json\/wp\/v2\/posts\/86746\/revisions"}],"predecessor-version":[{"id":86752,"href":"https:\/\/nvnoticias.mx\/index.php\/wp-json\/wp\/v2\/posts\/86746\/revisions\/86752"}],"wp:featuredmedia":[{"embeddable":true,"href":"https:\/\/nvnoticias.mx\/index.php\/wp-json\/wp\/v2\/media\/24327"}],"wp:attachment":[{"href":"https:\/\/nvnoticias.mx\/index.php\/wp-json\/wp\/v2\/media?parent=86746"}],"wp:term":[{"taxonomy":"category","embeddable":true,"href":"https:\/\/nvnoticias.mx\/index.php\/wp-json\/wp\/v2\/categories?post=86746"},{"taxonomy":"post_tag","embeddable":true,"href":"https:\/\/nvnoticias.mx\/index.php\/wp-json\/wp\/v2\/tags?post=86746"}],"curies":[{"name":"wp","href":"https:\/\/api.w.org\/{rel}","templated":true}]}}