{"id":86700,"date":"2022-12-15T14:57:28","date_gmt":"2022-12-15T20:57:28","guid":{"rendered":"https:\/\/nvnoticias.mx\/?p=86700"},"modified":"2022-12-15T14:57:29","modified_gmt":"2022-12-15T20:57:29","slug":"federacion-de-marruecos-se-queja-del-arbitraje-de-cesar-ramos-en-la-semifinal-vs-francia","status":"publish","type":"post","link":"https:\/\/nvnoticias.mx\/index.php\/2022\/12\/15\/federacion-de-marruecos-se-queja-del-arbitraje-de-cesar-ramos-en-la-semifinal-vs-francia\/","title":{"rendered":"Federaci\u00f3n de Marruecos se queja del arbitraje de C\u00e9sar Ramos en la Semifinal vs Francia"},"content":{"rendered":"\n<p>La\u00a0Real Federaci\u00f3n Marroqu\u00ed de F\u00fatbol\u00a0(FRMF)\u00a0protest\u00f3 en\u00e9rgicamente contra el arbitraje del partido de Semifinales del\u00a0Mundial Qatar 2022\u00a0entre\u00a0Marruecos\u00a0y\u00a0Francia\u00a0oficiado por Cesar Arturo Ramos.<\/p>\n\n\n\n<p>En este sentido, la FRMF remiti\u00f3 un escrito al \u00f3rgano competente en el que afirma que el mexicano priv\u00f3 a la selecci\u00f3n marroqu\u00ed de dos penaltis indiscutibles a juicio de varios especialistas en arbitraje.<\/p>\n\n\n\n<p>La FRMF tambi\u00e9n expres\u00f3 su gran asombro de que el sistema de\u00a0Video Asistencia al Arbitraje (VAR)\u00a0no reaccionara ante estas situaciones de arbitraje.<\/p>\n\n\n\n<p>La FRMF recuerda que no escatimar\u00e1 esfuerzos para defender y preservar los derechos de las Selecciones Nacionales abogando por la equidad en el arbitraje y denunciando estas decisiones arbitrales tomadas durante este enfrentamiento de semifinales de la Copa del Mundo FIFA Catar 2022.<\/p>\n\n\n\n<p>Fuente: <a href=\"https:\/\/www.tudn.com\/futbol\/mundial-qatar-2022\/equipos\/seleccion-marruecos\/federacion-de-marruecos-se-queja-del-arbitraje-del-mexicano-cesar-ramos\">TUDN<\/a><\/p>\n","protected":false},"excerpt":{"rendered":"<p>La\u00a0Real Federaci\u00f3n Marroqu\u00ed de F\u00fatbol\u00a0(FRMF)\u00a0protest\u00f3 en\u00e9rgicamente contra el arbitraje del partido de Semifinales del\u00a0Mundial Qatar 2022\u00a0entre\u00a0Marruecos\u00a0y\u00a0Francia\u00a0oficiado por Cesar Arturo Ramos. En este sentido, la FRMF remiti\u00f3 un escrito al \u00f3rgano competente en el que afirma que el mexicano priv\u00f3 a la selecci\u00f3n marroqu\u00ed de dos penaltis indiscutibles a juicio de varios especialistas en arbitraje. La [&hellip;]<\/p>\n","protected":false},"author":8,"featured_media":86701,"comment_status":"open","ping_status":"open","sticky":false,"template":"","format":"standard","meta":{"_monsterinsights_skip_tracking":false,"_monsterinsights_sitenote_active":false,"_monsterinsights_sitenote_note":"","_monsterinsights_sitenote_category":0,"footnotes":""},"categories":[159],"tags":[4044,21665,1056,21497,6461,5335],"class_list":["post-86700","post","type-post","status-publish","format-standard","has-post-thumbnail","hentry","category-deportes","tag-arbitraje","tag-cesar-ramos","tag-francia","tag-marruecos","tag-mundial-de-qatar-2022","tag-semifinal","wp-image-borders"],"amp_enabled":true,"_links":{"self":[{"href":"https:\/\/nvnoticias.mx\/index.php\/wp-json\/wp\/v2\/posts\/86700","targetHints":{"allow":["GET"]}}],"collection":[{"href":"https:\/\/nvnoticias.mx\/index.php\/wp-json\/wp\/v2\/posts"}],"about":[{"href":"https:\/\/nvnoticias.mx\/index.php\/wp-json\/wp\/v2\/types\/post"}],"author":[{"embeddable":true,"href":"https:\/\/nvnoticias.mx\/index.php\/wp-json\/wp\/v2\/users\/8"}],"replies":[{"embeddable":true,"href":"https:\/\/nvnoticias.mx\/index.php\/wp-json\/wp\/v2\/comments?post=86700"}],"version-history":[{"count":1,"href":"https:\/\/nvnoticias.mx\/index.php\/wp-json\/wp\/v2\/posts\/86700\/revisions"}],"predecessor-version":[{"id":86702,"href":"https:\/\/nvnoticias.mx\/index.php\/wp-json\/wp\/v2\/posts\/86700\/revisions\/86702"}],"wp:featuredmedia":[{"embeddable":true,"href":"https:\/\/nvnoticias.mx\/index.php\/wp-json\/wp\/v2\/media\/86701"}],"wp:attachment":[{"href":"https:\/\/nvnoticias.mx\/index.php\/wp-json\/wp\/v2\/media?parent=86700"}],"wp:term":[{"taxonomy":"category","embeddable":true,"href":"https:\/\/nvnoticias.mx\/index.php\/wp-json\/wp\/v2\/categories?post=86700"},{"taxonomy":"post_tag","embeddable":true,"href":"https:\/\/nvnoticias.mx\/index.php\/wp-json\/wp\/v2\/tags?post=86700"}],"curies":[{"name":"wp","href":"https:\/\/api.w.org\/{rel}","templated":true}]}}