{"id":86669,"date":"2022-12-15T13:37:45","date_gmt":"2022-12-15T19:37:45","guid":{"rendered":"https:\/\/nvnoticias.mx\/?p=86669"},"modified":"2022-12-15T13:37:46","modified_gmt":"2022-12-15T19:37:46","slug":"frena-bce-subidas-de-tasas-pero-promete-seguir-luchando-contra-la-inflacion","status":"publish","type":"post","link":"https:\/\/nvnoticias.mx\/index.php\/2022\/12\/15\/frena-bce-subidas-de-tasas-pero-promete-seguir-luchando-contra-la-inflacion\/","title":{"rendered":"Frena BCE subidas de tasas pero promete seguir luchando contra la inflaci\u00f3n"},"content":{"rendered":"\n<p>El Banco Central Europeo subi\u00f3 el jueves las tasas de inter\u00e9s por cuarta vez consecutiva, aunque menos que en sus dos \u00faltimas reuniones, al tiempo que anticip\u00f3 m\u00e1s incrementos y expuso planes para drenar efectivo del sistema financiero como parte de su lucha contra la inflaci\u00f3n galopante.<\/p>\n\n\n\n<p>Tras un aumento repentino de los precios que lo pill\u00f3 por sorpresa, el BCE ha estado incrementando las tasas a un ritmo sin precedentes. La inflaci\u00f3n se ha disparado desde que las econom\u00edas reabrieron tras la pandemia de Covid-19, impulsada por cuellos de botella en el suministro y luego por alzas de los costos de energ\u00eda despu\u00e9s de invasi\u00f3n rusa de Ucrania.<\/p>\n\n\n\n<p><strong>En un movimiento que sigui\u00f3 pasos similares esta semana por parte de la Reserva Federal de Estados Unidos y el Banco de Inglaterra, el BCE aument\u00f3 la tasa que paga sobre los dep\u00f3sitos bancarios en 50 puntos b\u00e1sicos al 2%, alej\u00e1ndose a\u00fan m\u00e1s de una d\u00e9cada de pol\u00edtica ultraflexible.<\/strong><\/p>\n\n\n\n<p>Esa decisi\u00f3n, esperada por el mercado, marc\u00f3 una desaceleraci\u00f3n en el ritmo de endurecimiento de las alzas de 75 puntos b\u00e1sicos en cada una de las dos reuniones anteriores del BCE, ya que las presiones de precios muestran algunos signos de tocar techo y se avecina una recesi\u00f3n.<\/p>\n\n\n\n<p>Pero al igual que el BoE y la Fed, el BCE se\u00f1al\u00f3 costos de endeudamiento a\u00fan m\u00e1s altos para persuadir a los inversores de que todav\u00eda se toma en serio la lucha contra la inflaci\u00f3n, que seg\u00fan sus nuevos pron\u00f3sticos podr\u00eda mantenerse por encima del objetivo del BCE del 2% hasta 2025.<\/p>\n\n\n\n<blockquote class=\"wp-block-quote is-layout-flow wp-block-quote-is-layout-flow\"><p>\u201cConsideramos que las tasas de inter\u00e9s a\u00fan tendr\u00e1n que subir significativamente y a un ritmo constante\u201d, dijo la presidenta del BCE, Christine Lagarde, en una conferencia de prensa, y a\u00f1adi\u00f3 que se prev\u00e9n m\u00e1s aumentos de 50 puntos b\u00e1sicos durante \u201cun per\u00edodo de tiempo considerable\u201d.<\/p><\/blockquote>\n\n\n\n<blockquote class=\"wp-block-quote is-layout-flow wp-block-quote-is-layout-flow\"><p>\u201cMantendremos el curso, no ser\u00e1 suficiente atacar y retirarse\u201d.<\/p><\/blockquote>\n\n\n\n<p>Lagarde dijo que los riesgos de inflaci\u00f3n a\u00fan estaban sesgados al alza, citando la posibilidad de un crecimiento salarial mayor al esperado y de medidas de apoyo de gobiernos que terminaron impulsando la demanda en la econom\u00eda de la zona euro.<\/p>\n\n\n\n<p>El comunicado del BCE dijo que actualmente esperaba que cualquier recesi\u00f3n fuera \u201crelativamente ef\u00edmera y superficial\u201d.<\/p>\n\n\n\n<p><strong>El BCE tambi\u00e9n present\u00f3 planes para dejar de reemplazar los bonos que vencen de su cartera de 5 billones de euros (5.31 billones de d\u00f3lares)<\/strong>, revirtiendo a\u00f1os de compras de activos que han convertido al banco central en el mayor acreedor de muchos gobiernos de la zona euro.<\/p>\n\n\n\n<p>Seg\u00fan el plan, el organismo reducir\u00e1 las reinversiones mensuales de su Programa de Compra de Activos en 15,000 millones de euros a partir de marzo y revisar\u00e1 el ritmo de reducci\u00f3n de balance a partir de julio.<\/p>\n\n\n\n<p>La medida, que absorbe la liquidez del sistema financiero, est\u00e1 dise\u00f1ada para permitir que aumenten los costos de endeudamiento a largo plazo y sigue a un paso similar de la Fed a principios de este a\u00f1o.<\/p>\n\n\n\n<p><strong>El BCE dijo que actualizar\u00eda el mercado sobre el \u201ctecho de la normalizaci\u00f3n del balance\u201d para fines de 2023<\/strong>, indicando cu\u00e1nto planea reducir la liquidez en el sector bancario.<\/p>\n\n\n\n<p>Este factor es clave para determinar el costo de financiaci\u00f3n de los bancos y por tanto las tasas de inter\u00e9s que pagar\u00e1n empresas y familias.<\/p>\n\n\n\n<p>Es probable que la discusi\u00f3n del jueves haya sido acalorada despu\u00e9s de que Isabel Schnabel, miembro influyente de la junta del BCE, rechazara abiertamente la noci\u00f3n de aumentos menores de las tasas defendida por el economista jefe Philip Lane.<\/p>\n\n\n\n<p>Fuente:<a href=\"https:\/\/www.forbes.com.mx\/bce-frena-subidas-de-tasas-pero-promete-seguir-luchando-contra-la-inflacion\/\" data-type=\"URL\" data-id=\"https:\/\/www.forbes.com.mx\/bce-frena-subidas-de-tasas-pero-promete-seguir-luchando-contra-la-inflacion\/\"> Forbes<\/a><\/p>\n","protected":false},"excerpt":{"rendered":"<p>El Banco Central Europeo subi\u00f3 el jueves las tasas de inter\u00e9s por cuarta vez consecutiva, aunque menos que en sus dos \u00faltimas reuniones, al tiempo que anticip\u00f3 m\u00e1s incrementos y expuso planes para drenar efectivo del sistema financiero como parte de su lucha contra la inflaci\u00f3n galopante. Tras un aumento repentino de los precios que [&hellip;]<\/p>\n","protected":false},"author":35,"featured_media":63515,"comment_status":"open","ping_status":"open","sticky":false,"template":"","format":"standard","meta":{"_monsterinsights_skip_tracking":false,"_monsterinsights_sitenote_active":false,"_monsterinsights_sitenote_note":"","_monsterinsights_sitenote_category":0,"footnotes":""},"categories":[181],"tags":[21854,1948,2978,21855,9132,16148,9975],"class_list":["post-86669","post","type-post","status-publish","format-standard","has-post-thumbnail","hentry","category-internacional","tag-bce","tag-frena","tag-inflacion","tag-luchando","tag-promete","tag-subidas","tag-tasas","wp-image-borders"],"amp_enabled":true,"_links":{"self":[{"href":"https:\/\/nvnoticias.mx\/index.php\/wp-json\/wp\/v2\/posts\/86669","targetHints":{"allow":["GET"]}}],"collection":[{"href":"https:\/\/nvnoticias.mx\/index.php\/wp-json\/wp\/v2\/posts"}],"about":[{"href":"https:\/\/nvnoticias.mx\/index.php\/wp-json\/wp\/v2\/types\/post"}],"author":[{"embeddable":true,"href":"https:\/\/nvnoticias.mx\/index.php\/wp-json\/wp\/v2\/users\/35"}],"replies":[{"embeddable":true,"href":"https:\/\/nvnoticias.mx\/index.php\/wp-json\/wp\/v2\/comments?post=86669"}],"version-history":[{"count":1,"href":"https:\/\/nvnoticias.mx\/index.php\/wp-json\/wp\/v2\/posts\/86669\/revisions"}],"predecessor-version":[{"id":86674,"href":"https:\/\/nvnoticias.mx\/index.php\/wp-json\/wp\/v2\/posts\/86669\/revisions\/86674"}],"wp:featuredmedia":[{"embeddable":true,"href":"https:\/\/nvnoticias.mx\/index.php\/wp-json\/wp\/v2\/media\/63515"}],"wp:attachment":[{"href":"https:\/\/nvnoticias.mx\/index.php\/wp-json\/wp\/v2\/media?parent=86669"}],"wp:term":[{"taxonomy":"category","embeddable":true,"href":"https:\/\/nvnoticias.mx\/index.php\/wp-json\/wp\/v2\/categories?post=86669"},{"taxonomy":"post_tag","embeddable":true,"href":"https:\/\/nvnoticias.mx\/index.php\/wp-json\/wp\/v2\/tags?post=86669"}],"curies":[{"name":"wp","href":"https:\/\/api.w.org\/{rel}","templated":true}]}}