{"id":86646,"date":"2022-12-15T12:56:36","date_gmt":"2022-12-15T18:56:36","guid":{"rendered":"https:\/\/nvnoticias.mx\/?p=86646"},"modified":"2022-12-15T12:56:37","modified_gmt":"2022-12-15T18:56:37","slug":"pide-canaco-reforzar-la-seguridad-en-centros-comerciales","status":"publish","type":"post","link":"https:\/\/nvnoticias.mx\/index.php\/2022\/12\/15\/pide-canaco-reforzar-la-seguridad-en-centros-comerciales\/","title":{"rendered":"Pide Canaco reforzar la seguridad en centros comerciales"},"content":{"rendered":"\n<p><strong>Jes\u00fas Utrilla \/ NV Noticias<\/strong><\/p>\n\n\n\n<p>La C\u00e1mara Nacional de Comercio en Veracruz llam\u00f3 a que las plazas comerciales de la zona metropolitana incrementen la vigilancia.<\/p>\n\n\n\n<p>Edi Alberto Mart\u00ednez Tejeda, presidente en Veracruz de Canaco, admiti\u00f3 que es preocupante que un joven haya amenazado con un arma, a quienes se encontraban en una plaza comercial el mi\u00e9rcoles por la noche, porque podr\u00eda afectar el consumo.<\/p>\n\n\n\n<blockquote class=\"wp-block-quote is-layout-flow wp-block-quote-is-layout-flow\"><p>\u201c<em>Es una situaci\u00f3n preocupante y har\u00eda el llamado a que se tomen medidas para reforzar la seguridad, sobre todo en esta \u00e9poca, conocido como el marat\u00f3n Guadalupe -Reyes. Fue un hecho aislado pero debe haber m\u00e1s vigilancia<\/em>\u201d.<\/p><\/blockquote>\n\n\n\n<p>Record\u00f3 que durante la realizaci\u00f3n del Buen Fin, la C\u00e1mara Nacional de Comercio solicit\u00f3 mayor vigilancia en los centros comerciales de la zona conurbada Veracruz- Boca del R\u00edo, pero tambi\u00e9n en los de la zona norte de la ciudad, donde se llegan a dar m\u00e1s robos.<\/p>\n\n\n\n<blockquote class=\"wp-block-quote is-layout-flow wp-block-quote-is-layout-flow\"><p>\u201c<em>El llamado que har\u00edamos nosotros ser\u00eda reforzar la vigilancia y los centros comerciales como lo hemos solicitado en las mesas de seguridad. Para empezar m\u00e1s vigilancia. Si hubiera m\u00e1s vigilancia este tipo de personas lo pensar\u00edan m\u00e1s para ingresar<\/em>\u201d.<\/p><\/blockquote>\n\n\n\n<p>Pese a los hechos de Plaza las Am\u00e9ricas el presidente de la Canaco en Veracruz afirm\u00f3 que los robos del foro com\u00fan se mantienen a la baja desde hace varias semanas tanto en el municipio porte\u00f1o como en Boca Del R\u00edo.<\/p>\n","protected":false},"excerpt":{"rendered":"<p>Jes\u00fas Utrilla \/ NV Noticias La C\u00e1mara Nacional de Comercio en Veracruz llam\u00f3 a que las plazas comerciales de la zona metropolitana incrementen la vigilancia. Edi Alberto Mart\u00ednez Tejeda, presidente en Veracruz de Canaco, admiti\u00f3 que es preocupante que un joven haya amenazado con un arma, a quienes se encontraban en una plaza comercial el [&hellip;]<\/p>\n","protected":false},"author":8,"featured_media":86647,"comment_status":"open","ping_status":"open","sticky":false,"template":"","format":"standard","meta":{"_monsterinsights_skip_tracking":false,"_monsterinsights_sitenote_active":false,"_monsterinsights_sitenote_note":"","_monsterinsights_sitenote_category":0,"footnotes":""},"categories":[154],"tags":[978,14737,805],"class_list":["post-86646","post","type-post","status-publish","format-standard","has-post-thumbnail","hentry","category-veracruz","tag-canaco","tag-centros-comerciales","tag-seguridad","wp-image-borders"],"amp_enabled":true,"_links":{"self":[{"href":"https:\/\/nvnoticias.mx\/index.php\/wp-json\/wp\/v2\/posts\/86646","targetHints":{"allow":["GET"]}}],"collection":[{"href":"https:\/\/nvnoticias.mx\/index.php\/wp-json\/wp\/v2\/posts"}],"about":[{"href":"https:\/\/nvnoticias.mx\/index.php\/wp-json\/wp\/v2\/types\/post"}],"author":[{"embeddable":true,"href":"https:\/\/nvnoticias.mx\/index.php\/wp-json\/wp\/v2\/users\/8"}],"replies":[{"embeddable":true,"href":"https:\/\/nvnoticias.mx\/index.php\/wp-json\/wp\/v2\/comments?post=86646"}],"version-history":[{"count":1,"href":"https:\/\/nvnoticias.mx\/index.php\/wp-json\/wp\/v2\/posts\/86646\/revisions"}],"predecessor-version":[{"id":86648,"href":"https:\/\/nvnoticias.mx\/index.php\/wp-json\/wp\/v2\/posts\/86646\/revisions\/86648"}],"wp:featuredmedia":[{"embeddable":true,"href":"https:\/\/nvnoticias.mx\/index.php\/wp-json\/wp\/v2\/media\/86647"}],"wp:attachment":[{"href":"https:\/\/nvnoticias.mx\/index.php\/wp-json\/wp\/v2\/media?parent=86646"}],"wp:term":[{"taxonomy":"category","embeddable":true,"href":"https:\/\/nvnoticias.mx\/index.php\/wp-json\/wp\/v2\/categories?post=86646"},{"taxonomy":"post_tag","embeddable":true,"href":"https:\/\/nvnoticias.mx\/index.php\/wp-json\/wp\/v2\/tags?post=86646"}],"curies":[{"name":"wp","href":"https:\/\/api.w.org\/{rel}","templated":true}]}}