{"id":86633,"date":"2022-12-15T12:38:57","date_gmt":"2022-12-15T18:38:57","guid":{"rendered":"https:\/\/nvnoticias.mx\/?p=86633"},"modified":"2022-12-15T12:38:58","modified_gmt":"2022-12-15T18:38:58","slug":"abogados-consideran-que-el-detenido-en-plaza-americas-debe-recibir-una-sancion-ejemplar","status":"publish","type":"post","link":"https:\/\/nvnoticias.mx\/index.php\/2022\/12\/15\/abogados-consideran-que-el-detenido-en-plaza-americas-debe-recibir-una-sancion-ejemplar\/","title":{"rendered":"Abogados consideran que el detenido en Plaza Am\u00e9ricas debe recibir una sanci\u00f3n ejemplar"},"content":{"rendered":"\n<p><strong>Jes\u00fas Utrilla \/ NV Noticias<\/strong><\/p>\n\n\n\n<p>El joven de 19 a\u00f1os que fue detenido por elementos de la Polic\u00eda Municipal de Boca del R\u00edo, Polic\u00eda Naval\u00a0\u00a0y de la Secretar\u00eda de Seguridad P\u00fablica, luego de amenazar\u00a0a quienes se encontraban en el cine de Plaza Am\u00e9ricas, deber\u00e1 recibir una pena ejemplar, se\u00f1al\u00f3 Gilberto Far\u00edas Morales presidente Colegio Nacional de Abogados Penalistas.<\/p>\n\n\n\n<p>Aunque el arma era hechiza gener\u00f3 p\u00e1nico, dijo el abogado.<\/p>\n\n\n\n<p>Dijo que podr\u00eda ser acusado de amenazas, intento de robo, atentado a la paz social y otros delitos que se les configuren.&nbsp;<\/p>\n\n\n\n<blockquote class=\"wp-block-quote is-layout-flow wp-block-quote-is-layout-flow\"><p>\u201c<em>Yo veo bien la intervenci\u00f3n y que sea detenido, nos estamos quejando que falta seguridad y vemos que hay asaltos en los bancos, que a quienes retiran de los bancos los asaltan constantemente y en las plazas comerciales no hay la seguridad necesaria. Este amigo debe de ser sancionado\u201d<\/em>.<\/p><\/blockquote>\n\n\n\n<p>Agreg\u00f3 que aunque la familia y la defensa argumente que el muchacho de 19 a\u00f1os sufre esquizofrenia, se le debe sancionar.<\/p>\n\n\n\n<p>Sobre la modificaci\u00f3n de las Leyes Electorales, con el Plan B, aprobadas por el Senado, consider\u00f3 que existen violaciones flagrantes a la Constituci\u00f3n, por lo que ser\u00e1 la Suprema Corte de Justicia de la Naci\u00f3n la que determine la validez o no de las adecuaciones.<\/p>\n\n\n\n<blockquote class=\"wp-block-quote is-layout-flow wp-block-quote-is-layout-flow\"><p>\u201c<em>Es la \u00faltima instancia que queda para los efectos de corregir las violaciones constitucionales, las violaciones a los derechos humanos<\/em>\u201d, concluy\u00f3.<\/p><\/blockquote>\n","protected":false},"excerpt":{"rendered":"<p>Jes\u00fas Utrilla \/ NV Noticias El joven de 19 a\u00f1os que fue detenido por elementos de la Polic\u00eda Municipal de Boca del R\u00edo, Polic\u00eda Naval\u00a0\u00a0y de la Secretar\u00eda de Seguridad P\u00fablica, luego de amenazar\u00a0a quienes se encontraban en el cine de Plaza Am\u00e9ricas, deber\u00e1 recibir una pena ejemplar, se\u00f1al\u00f3 Gilberto Far\u00edas Morales presidente Colegio Nacional [&hellip;]<\/p>\n","protected":false},"author":8,"featured_media":86635,"comment_status":"open","ping_status":"open","sticky":false,"template":"","format":"standard","meta":{"_monsterinsights_skip_tracking":false,"_monsterinsights_sitenote_active":false,"_monsterinsights_sitenote_note":"","_monsterinsights_sitenote_category":0,"footnotes":""},"categories":[154],"tags":[1957,4974,3030],"class_list":["post-86633","post","type-post","status-publish","format-standard","has-post-thumbnail","hentry","category-veracruz","tag-detenido","tag-plaza-americas","tag-sancion","wp-image-borders"],"amp_enabled":true,"_links":{"self":[{"href":"https:\/\/nvnoticias.mx\/index.php\/wp-json\/wp\/v2\/posts\/86633","targetHints":{"allow":["GET"]}}],"collection":[{"href":"https:\/\/nvnoticias.mx\/index.php\/wp-json\/wp\/v2\/posts"}],"about":[{"href":"https:\/\/nvnoticias.mx\/index.php\/wp-json\/wp\/v2\/types\/post"}],"author":[{"embeddable":true,"href":"https:\/\/nvnoticias.mx\/index.php\/wp-json\/wp\/v2\/users\/8"}],"replies":[{"embeddable":true,"href":"https:\/\/nvnoticias.mx\/index.php\/wp-json\/wp\/v2\/comments?post=86633"}],"version-history":[{"count":1,"href":"https:\/\/nvnoticias.mx\/index.php\/wp-json\/wp\/v2\/posts\/86633\/revisions"}],"predecessor-version":[{"id":86636,"href":"https:\/\/nvnoticias.mx\/index.php\/wp-json\/wp\/v2\/posts\/86633\/revisions\/86636"}],"wp:featuredmedia":[{"embeddable":true,"href":"https:\/\/nvnoticias.mx\/index.php\/wp-json\/wp\/v2\/media\/86635"}],"wp:attachment":[{"href":"https:\/\/nvnoticias.mx\/index.php\/wp-json\/wp\/v2\/media?parent=86633"}],"wp:term":[{"taxonomy":"category","embeddable":true,"href":"https:\/\/nvnoticias.mx\/index.php\/wp-json\/wp\/v2\/categories?post=86633"},{"taxonomy":"post_tag","embeddable":true,"href":"https:\/\/nvnoticias.mx\/index.php\/wp-json\/wp\/v2\/tags?post=86633"}],"curies":[{"name":"wp","href":"https:\/\/api.w.org\/{rel}","templated":true}]}}