{"id":866,"date":"2021-01-11T09:18:00","date_gmt":"2021-01-11T15:18:00","guid":{"rendered":"https:\/\/nvnoticias.mx\/?p=866"},"modified":"2021-01-11T09:22:37","modified_gmt":"2021-01-11T15:22:37","slug":"salvar-la-alianza","status":"publish","type":"post","link":"https:\/\/nvnoticias.mx\/index.php\/2021\/01\/11\/salvar-la-alianza\/","title":{"rendered":"Salvar la Alianza&#8230;"},"content":{"rendered":"\n<p>A pesar que los \u00e1nimos de ayer por la ma\u00f1ana andaban muy &#8220;caldeados&#8221; por el tema de la &#8220;ca\u00edda&#8221; de la alianza opositora para la elecci\u00f3n local del 2021.. Y que s\u00f3lo podr\u00eda conformarla PRI y PRD sin el PAN\u2026 Lo que fue un hecho, es que a pesar de las declaraciones de ambos partidos, lo que se vio es que dirigentes panistas no cayeron en provocaciones medi\u00e1ticas, en dimes y diretes\u2026. Eso hace que la posibilidad de la alianza se mantenga\u2026 &#8220;Garganta Profunda Azul&#8221; mencion\u00f3 que no todo est\u00e1 perdido\u2026 ASPTM\u2026.<\/p>\n\n\n\n<p>El mismo &#8220;Garganta Profunda&#8221; se\u00f1al\u00f3 que hasta sorprendi\u00f3 que en su comunicado, Joaqu\u00edn Guzm\u00e1n Avil\u00e9s, fuera mesurado en su respuesta, despu\u00e9s de la &#8220;recetada&#8221; que le dio Sergio Cadena, del PRD, a su persona\u2026 Se puede decir que fue POL\u00cdTICAMENTE CORRECTO y que eso hace denotar, para el perjuicio de MORENA, que el PAN est\u00e1 abierto a continuar en la construcci\u00f3n de la alianza opositora\u2026 SE LA REVIR\u00d3\u2026<\/p>\n\n\n\n<p>El propio &#8220;Garganta Profunda&#8221; cont\u00f3 que hasta Marko Cort\u00e9s, el l\u00edder nacional del PAN, se comunic\u00f3 con Guzm\u00e1n Avil\u00e9s para se\u00f1alar que busque las maneras adecuadas de continuar el di\u00e1logo y que la percepci\u00f3n ciudadana, no quede de que ellos como panistas, evitaron que se firmara la alianza de partidos de oposici\u00f3n en Veracruz\u2026 Pero que \u00e9l como presidente nacional panista, respetaba la decisi\u00f3n que tomara el comit\u00e9 estatal en Veracruz\u2026 Eso fue m\u00e1s que un respaldo\u2026<\/p>\n\n\n\n<p>Adem\u00e1s que el propio l\u00edder nacional del PAN apoy\u00f3 la idea de Guzm\u00e1n Avil\u00e9s, de que tanto el PRI y el PRD designen un EQUIPO DE TRABAJO para que se re\u00fanan de manera inmediata con el del panista para que contin\u00faen los di\u00e1logos, en los temas que est\u00e1n &#8220;estancados&#8221;, y de esa manera sacar adelante el proyecto de la alianza opositora\u2026 Y que con ello, limen todas las asperezas que se puedan tener por este asunto\u2026. HAY QUE ACORDAR\u2026.<\/p>\n\n\n\n<p>Si para ese momento, dice &#8220;Garganta Profunda&#8221;, tienen la &#8220;cabeza m\u00e1s fr\u00eda&#8221;, es seguro, que estas delegaciones de trabajo se re\u00fanan para continuar las pl\u00e1ticas y se lleguen acuerdos, que la puedan &#8220;destrabar&#8221; y se logre conformar la coalici\u00f3n PRI-PRD-PAN aunque sea en las elecciones para renovar las pr\u00f3ximas diputaciones locales del Congreso del Estado\u2026 Ya que en el tema de las alcald\u00edas ser\u00eda muy dif\u00edcil\u2026<\/p>\n\n\n\n<p>Al final de cuentas\u2026 Pese a dichos de unos\u2026 Los dirigentes estatales opositores se respetaron\u2026 Cuidaron sus expresiones y no pusieron en entredicho la voluntad, de llevar a cabo la alianza\u2026 El hecho es que OJALA todos los partidos de oposici\u00f3n tengan en cuenta, que si no van UNIDOS en Veracruz\u2026 Toda la expectativa levantada, no servir\u00e1 de nada y hasta sin Reforma Electoral, no ser\u00e1 impedimento para que MORENA les pueda ganar de nuevo la mayor\u00eda en la elecci\u00f3n\u2026 Esta en juego el EQUILIBRIO DE PODERES\u2026.<\/p>\n\n\n\n<p>Por lo pronto, ah\u00ed est\u00e1 llamado de &#8220;El Chapito&#8221; Guzm\u00e1n Avil\u00e9s a la reuni\u00f3n con los equipos del PRI y PRD hoy en el sitio de sus encuentros\u2026 Puede que alguno de los dos partidos, no acuda a la reuni\u00f3n\u2026 Algo normal porque pueden argumentar, no acudir para no &#8220;seguirle el juego&#8221; a Guzm\u00e1n Avil\u00e9s\u2026 Al menos, no la reuni\u00f3n de hoy\u2026 Quiz\u00e1s en d\u00edas posteriores las cosas cambien y los veamos de nuevo juntos\u2026 YA QUE SEPARADOS NADIE GANA\u2026 S\u00f3lo MORENA\u2026 AMEN\u2026<\/p>\n\n\n\n<p>LO RARO DE LA COALICI\u00d3N\u2026 En este asunto del &#8220;rompimiento&#8221; de la alianza opositora en Veracruz\u2026 Muchos alcaldes, sobre todo panistas, se\u00f1alaron en sus redes sociales, que le daban el total apoyo a la alianza con PRI y PRD\u2026 Que era hora de mantener la uni\u00f3n, era tiempo de ceder y ver el bien com\u00fan, no intereses personales porque el enemigo estaba enfrente\u2026 As\u00ed lo dijeron como &#8220;presionando&#8221; a Joaqu\u00edn Guzm\u00e1n Avil\u00e9s, para que acepte condiciones y se siente a negociar.. Esa puede ser la lectura del mensaje de los mun\u00edcipes\u2026<\/p>\n\n\n\n<p>Este llamado p\u00fablico, lo hizo Ra\u00fal Hermida, alcalde de Cosamaloapan, que en su municipio, los panistas avalaron la alianza\u2026 Lo RARO fue su hom\u00f3logo porte\u00f1o, Fernando Yunes M\u00e1rquez, quien hizo lo mismo, pero el comit\u00e9 local del PAN porte\u00f1o, bajo su control, fue de los que VOT\u00d3 EN CONTRA de la coalici\u00f3n.. Y ahora que est\u00e1 &#8220;entrampada&#8221;, dice que SI LA APOYA\u2026 Su hermano, Miguel \u00c1ngel hasta dijo que NO LA DIGER\u00cdA\u2026 Qui\u00e9n los entiende, primero no y ahora si o ser\u00e1 estrategia para &#8220;golpear&#8221; al &#8220;Chapito&#8221;\u2026 \u00bfA POCO NO?\u2026<\/p>\n\n\n\n<p>Fernando Yunes es un tipo listo y que tiene experiencia en cargos p\u00fablicos y pol\u00edticos\u2026 Sabe bien que en este momento, NO HAY ALIANZA\u2026 Y \u00e9l est\u00e1 &#8220;jugando&#8221; a hacer pol\u00edtica.. Ya que est\u00e1 m\u00e1s que consiente, que SU OPINI\u00d3N, no pesa, ni cuenta.. Es s\u00f3lo un alcalde m\u00e1s de los 212 que hay en el Estado\u2026 Y que su grupo pol\u00edtico no tiene el control del comit\u00e9 estatal\u2026 As\u00ed que ese tipo de presiones, pareciera que le hacen el &#8220;juego&#8221; a MORENA para que no exista la coalici\u00f3n\u2026 Parece una estrategia r\u00fastica y hasta poco inteligente\u2026<\/p>\n\n\n\n<p>PD\u2026 Hay algo que los partidos pol\u00edticos de oposici\u00f3n a MORENA en Veracruz DEBEN REFLEXIONAR\u2026 Pero tambi\u00e9n contestarse: \u00bfEs una exigencia de la sociedad civil o del electorado veracruzano, qu\u00e9 haya alianza opositora?\u2026 ACASO estos organismos, NO HAN VISTO LAS ENCUESTAS\u2026 S\u00f3lo hay que recordarles, que la oposici\u00f3n en la entidad en el proceso federal, seg\u00fan sondeos, pueden ganar 14 de las 20 diputaciones federales, gracias a la coalici\u00f3n opositora\u2026 Si no, los Morenos &#8220;los barren&#8221;\u2026<\/p>\n\n\n\n<p>Si eso pasa en el proceso federal\u2026 En la elecci\u00f3n local, no va a suceder lo contario\u2026 M\u00e1s cuando se sabe, que la propia sociedad, no sabr\u00e1 entender como en la federal si van en alianza PAN-PRI-PRD en 19 distritos de 20 y en lo local, no ser\u00e1 as\u00ed\u2026 Van a confundirla\u2026 Y m\u00e1s aun cuando las propias encuestas les se\u00f1alan que s\u00f3lo en coalici\u00f3n, la oposici\u00f3n puede tener los triunfos necesarios para evitar un gobierno totalitario y sin contrapesos\u2026 LA PELOTA LA TIENEN EN SU CANCHA\u2026. DIOS LOS BENDIGA\u2026<\/p>\n","protected":false},"excerpt":{"rendered":"<p>A pesar que los \u00e1nimos de ayer por la ma\u00f1ana andaban muy &#8220;caldeados&#8221; por el tema de la &#8220;ca\u00edda&#8221; de la alianza opositora para la elecci\u00f3n local del 2021.. Y que s\u00f3lo podr\u00eda conformarla PRI y PRD sin el PAN\u2026 Lo que fue un hecho, es que a pesar de las declaraciones de ambos partidos, [&hellip;]<\/p>\n","protected":false},"author":29,"featured_media":868,"comment_status":"open","ping_status":"open","sticky":false,"template":"","format":"standard","meta":{"_monsterinsights_skip_tracking":false,"_monsterinsights_sitenote_active":false,"_monsterinsights_sitenote_note":"","_monsterinsights_sitenote_category":0,"footnotes":""},"categories":[245],"tags":[327],"class_list":["post-866","post","type-post","status-publish","format-standard","has-post-thumbnail","hentry","category-dialogos-de-poder","tag-ricardo-chua","wp-image-borders"],"amp_enabled":true,"_links":{"self":[{"href":"https:\/\/nvnoticias.mx\/index.php\/wp-json\/wp\/v2\/posts\/866","targetHints":{"allow":["GET"]}}],"collection":[{"href":"https:\/\/nvnoticias.mx\/index.php\/wp-json\/wp\/v2\/posts"}],"about":[{"href":"https:\/\/nvnoticias.mx\/index.php\/wp-json\/wp\/v2\/types\/post"}],"author":[{"embeddable":true,"href":"https:\/\/nvnoticias.mx\/index.php\/wp-json\/wp\/v2\/users\/29"}],"replies":[{"embeddable":true,"href":"https:\/\/nvnoticias.mx\/index.php\/wp-json\/wp\/v2\/comments?post=866"}],"version-history":[{"count":1,"href":"https:\/\/nvnoticias.mx\/index.php\/wp-json\/wp\/v2\/posts\/866\/revisions"}],"predecessor-version":[{"id":867,"href":"https:\/\/nvnoticias.mx\/index.php\/wp-json\/wp\/v2\/posts\/866\/revisions\/867"}],"wp:featuredmedia":[{"embeddable":true,"href":"https:\/\/nvnoticias.mx\/index.php\/wp-json\/wp\/v2\/media\/868"}],"wp:attachment":[{"href":"https:\/\/nvnoticias.mx\/index.php\/wp-json\/wp\/v2\/media?parent=866"}],"wp:term":[{"taxonomy":"category","embeddable":true,"href":"https:\/\/nvnoticias.mx\/index.php\/wp-json\/wp\/v2\/categories?post=866"},{"taxonomy":"post_tag","embeddable":true,"href":"https:\/\/nvnoticias.mx\/index.php\/wp-json\/wp\/v2\/tags?post=866"}],"curies":[{"name":"wp","href":"https:\/\/api.w.org\/{rel}","templated":true}]}}