{"id":86561,"date":"2022-12-14T22:07:38","date_gmt":"2022-12-15T04:07:38","guid":{"rendered":"https:\/\/nvnoticias.mx\/?p=86561"},"modified":"2022-12-14T22:07:39","modified_gmt":"2022-12-15T04:07:39","slug":"informa-juan-manuel-unanue-sobre-el-suceso-ocurrido-en-plaza-americas-afirma-que-no-hay-heridos","status":"publish","type":"post","link":"https:\/\/nvnoticias.mx\/index.php\/2022\/12\/14\/informa-juan-manuel-unanue-sobre-el-suceso-ocurrido-en-plaza-americas-afirma-que-no-hay-heridos\/","title":{"rendered":"Informa Juan Manuel Unanue sobre el suceso ocurrido en Plaza Am\u00e9ricas; afirma que &#8220;no hay heridos&#8221;"},"content":{"rendered":"\n<p class=\"wp-block-paragraph\">El alcalde de Boca del R\u00edo, Juan Manuel Unanue, comparti\u00f3 un comunicado a trav\u00e9s de sus redes sociales donde inform\u00f3 que en el supuesto tiroteo registrado en Plaza Am\u00e9ricas, se detuvo a una persona y no se reportaron heridos.<\/p>\n\n\n\n<p class=\"wp-block-paragraph\">Unanue se\u00f1al\u00f3 que el detenido, de identidad reservada, portaba un arma de fuego hechiza al interior de un cine, ubicado dentro de dicho centro comercial.<\/p>\n\n\n\n<blockquote class=\"wp-block-quote is-layout-flow wp-block-quote-is-layout-flow\"><p>&#8220;Con relaci\u00f3n al suceso ocurrido en Plaza Am\u00e9ricas, les informo que elementos de la Polic\u00eda Municipal de Boca del R\u00edo, Polic\u00eda Naval y elementos de la Secretar\u00eda de Seguridad P\u00fablica, detuvieron a una persona de identidad reservada que portaba un arma de fuego hechiza al interior de dicho centro comercial, ubicado en este municipio. <br><br>En el hecho, en el que no se registraron personas heridas, se encontr\u00f3 un arma hechiza y la situaci\u00f3n en este momento en dicho centro comercial est\u00e1 ya en completa calma. <br><br>El detenido ser\u00e1 remitido a las autoridades correspondientes para el deslinde pertinente de responsabilidades. <br><br>Quiero hacer un reconocimiento p\u00fablico al personal de las corporaciones mencionadas por su actuaci\u00f3n y por cuidar la integridad f\u00edsica de los ciudadanos&#8221;, se\u00f1al\u00f3 el alcalde.<\/p><p><\/p><p><\/p><\/blockquote>\n\n\n\n<iframe loading=\"lazy\" src=\"https:\/\/www.facebook.com\/plugins\/post.php?href=https%3A%2F%2Fwww.facebook.com%2Fjuanmanuelunanue%2Fposts%2Fpfbid02PE5ALGm1R6ne3YJa34m8B2KnbZGiWhPbkvChYEogRSowHacD1cXd4KwwqGHw3Hpol&#038;show_text=true&#038;width=500\" width=\"500\" height=\"291\" style=\"border:none;overflow:hidden\" scrolling=\"no\" frameborder=\"0\" allowfullscreen=\"true\" allow=\"autoplay; clipboard-write; encrypted-media; picture-in-picture; web-share\"><\/iframe>\n","protected":false},"excerpt":{"rendered":"<p>El alcalde de Boca del R\u00edo, Juan Manuel Unanue, comparti\u00f3 un comunicado a trav\u00e9s de sus redes sociales donde inform\u00f3 que en el supuesto tiroteo registrado en Plaza Am\u00e9ricas, se detuvo a una persona y no se reportaron heridos. Unanue se\u00f1al\u00f3 que el detenido, de identidad reservada, portaba un arma de fuego hechiza al interior [&hellip;]<\/p>\n","protected":false},"author":7,"featured_media":86562,"comment_status":"open","ping_status":"open","sticky":false,"template":"","format":"standard","meta":{"_monsterinsights_skip_tracking":false,"footnotes":""},"categories":[154],"tags":[21836,1420,4974,21838],"class_list":["post-86561","post","type-post","status-publish","format-standard","has-post-thumbnail","hentry","category-veracruz","tag-cinepolis","tag-juan-manuel-unanue","tag-plaza-americas","tag-tiroreo","wp-image-borders"],"amp_enabled":true,"_links":{"self":[{"href":"https:\/\/nvnoticias.mx\/index.php\/wp-json\/wp\/v2\/posts\/86561","targetHints":{"allow":["GET"]}}],"collection":[{"href":"https:\/\/nvnoticias.mx\/index.php\/wp-json\/wp\/v2\/posts"}],"about":[{"href":"https:\/\/nvnoticias.mx\/index.php\/wp-json\/wp\/v2\/types\/post"}],"author":[{"embeddable":true,"href":"https:\/\/nvnoticias.mx\/index.php\/wp-json\/wp\/v2\/users\/7"}],"replies":[{"embeddable":true,"href":"https:\/\/nvnoticias.mx\/index.php\/wp-json\/wp\/v2\/comments?post=86561"}],"version-history":[{"count":1,"href":"https:\/\/nvnoticias.mx\/index.php\/wp-json\/wp\/v2\/posts\/86561\/revisions"}],"predecessor-version":[{"id":86563,"href":"https:\/\/nvnoticias.mx\/index.php\/wp-json\/wp\/v2\/posts\/86561\/revisions\/86563"}],"wp:featuredmedia":[{"embeddable":true,"href":"https:\/\/nvnoticias.mx\/index.php\/wp-json\/wp\/v2\/media\/86562"}],"wp:attachment":[{"href":"https:\/\/nvnoticias.mx\/index.php\/wp-json\/wp\/v2\/media?parent=86561"}],"wp:term":[{"taxonomy":"category","embeddable":true,"href":"https:\/\/nvnoticias.mx\/index.php\/wp-json\/wp\/v2\/categories?post=86561"},{"taxonomy":"post_tag","embeddable":true,"href":"https:\/\/nvnoticias.mx\/index.php\/wp-json\/wp\/v2\/tags?post=86561"}],"curies":[{"name":"wp","href":"https:\/\/api.w.org\/{rel}","templated":true}]}}