{"id":86494,"date":"2022-12-14T14:05:17","date_gmt":"2022-12-14T20:05:17","guid":{"rendered":"https:\/\/nvnoticias.mx\/?p=86494"},"modified":"2022-12-14T14:05:18","modified_gmt":"2022-12-14T20:05:18","slug":"taxistas-se-oponen-a-eliminacion-de-requisitos-para-prestar-servicio-de-transporte-publico-concesionado","status":"publish","type":"post","link":"https:\/\/nvnoticias.mx\/index.php\/2022\/12\/14\/taxistas-se-oponen-a-eliminacion-de-requisitos-para-prestar-servicio-de-transporte-publico-concesionado\/","title":{"rendered":"Taxistas se oponen a eliminaci\u00f3n de requisitos para prestar servicio de transporte p\u00fablico concesionado"},"content":{"rendered":"\n<p><strong>Jes\u00fas Utrilla \/ NV Noticias<\/strong><\/p>\n\n\n\n<p>Taxistas se oponen a la eliminaci\u00f3n de requisitos para prestar servicio de transporte p\u00fablico concesionado, porque acabar\u00e1 con el sector que s\u00ed cumple con los lineamientos estatales.<\/p>\n\n\n\n<p>Claudia Elizabeth Hern\u00e1ndez Siles, representante del Movimiento Nacional Transportista en Veracruz, dijo que la ciudad de Veracruz operan al menos 2 mil veh\u00edculos particulares sin concesi\u00f3n y les merman en 70 por ciento sus utilidades los fines de semana.&nbsp;<\/p>\n\n\n\n<blockquote class=\"wp-block-quote is-layout-flow wp-block-quote-is-layout-flow\"><p>\u201c<em>Lo que no vamos a aceptar es que presten el servicio en veh\u00edculos particulares, no es justo porque hacemos un tremendo gasto de inversi\u00f3n para ser prestadores de servicios. Es el Gobierno el que nos regulan. El fin de semana incrementa y en las noches, sobre todo afuera de los bares y centros nocturnos<\/em>\u201d.<\/p><\/blockquote>\n\n\n\n<p>Dijo que los taxistas de la zona conurbada Veracruz -Boca del R\u00edo se oponen a que el Poder Judicial de la Federaci\u00f3n se pronuncie por eliminar los requisitos para prestar servicio de transporte p\u00fablico concesionado.<\/p>\n\n\n\n<p>Y es que un juez de Quintana Roo analiza rechazar el reclamo de una agrupaci\u00f3n en dicho sentido y podr\u00eda generarse jurisprudencia para permitir que los veh\u00edculos particulares brinden el servicio abiertamente perjudicando a quienes s\u00ed cuentan con una concesi\u00f3n.<\/p>\n\n\n\n<blockquote class=\"wp-block-quote is-layout-flow wp-block-quote-is-layout-flow\"><p>\u201c<em>Eso lacera al transporte nacional ya que al tener una resoluci\u00f3n nos dejar\u00eda en desventaja tota<\/em>l\u201d.<\/p><\/blockquote>\n\n\n\n<p>Dijo que les afecta porque cualquier persona con el uso de su tel\u00e9fono y un veh\u00edculo particular podr\u00e1&nbsp;&nbsp;prestar el servicio.&nbsp;<\/p>\n","protected":false},"excerpt":{"rendered":"<p>Jes\u00fas Utrilla \/ NV Noticias Taxistas se oponen a la eliminaci\u00f3n de requisitos para prestar servicio de transporte p\u00fablico concesionado, porque acabar\u00e1 con el sector que s\u00ed cumple con los lineamientos estatales. Claudia Elizabeth Hern\u00e1ndez Siles, representante del Movimiento Nacional Transportista en Veracruz, dijo que la ciudad de Veracruz operan al menos 2 mil veh\u00edculos [&hellip;]<\/p>\n","protected":false},"author":8,"featured_media":86495,"comment_status":"open","ping_status":"open","sticky":false,"template":"","format":"standard","meta":{"_monsterinsights_skip_tracking":false,"_monsterinsights_sitenote_active":false,"_monsterinsights_sitenote_note":"","_monsterinsights_sitenote_category":0,"footnotes":""},"categories":[154],"tags":[884,381],"class_list":["post-86494","post","type-post","status-publish","format-standard","has-post-thumbnail","hentry","category-veracruz","tag-taxistas","tag-transporte-publico","wp-image-borders"],"amp_enabled":true,"_links":{"self":[{"href":"https:\/\/nvnoticias.mx\/index.php\/wp-json\/wp\/v2\/posts\/86494","targetHints":{"allow":["GET"]}}],"collection":[{"href":"https:\/\/nvnoticias.mx\/index.php\/wp-json\/wp\/v2\/posts"}],"about":[{"href":"https:\/\/nvnoticias.mx\/index.php\/wp-json\/wp\/v2\/types\/post"}],"author":[{"embeddable":true,"href":"https:\/\/nvnoticias.mx\/index.php\/wp-json\/wp\/v2\/users\/8"}],"replies":[{"embeddable":true,"href":"https:\/\/nvnoticias.mx\/index.php\/wp-json\/wp\/v2\/comments?post=86494"}],"version-history":[{"count":1,"href":"https:\/\/nvnoticias.mx\/index.php\/wp-json\/wp\/v2\/posts\/86494\/revisions"}],"predecessor-version":[{"id":86496,"href":"https:\/\/nvnoticias.mx\/index.php\/wp-json\/wp\/v2\/posts\/86494\/revisions\/86496"}],"wp:featuredmedia":[{"embeddable":true,"href":"https:\/\/nvnoticias.mx\/index.php\/wp-json\/wp\/v2\/media\/86495"}],"wp:attachment":[{"href":"https:\/\/nvnoticias.mx\/index.php\/wp-json\/wp\/v2\/media?parent=86494"}],"wp:term":[{"taxonomy":"category","embeddable":true,"href":"https:\/\/nvnoticias.mx\/index.php\/wp-json\/wp\/v2\/categories?post=86494"},{"taxonomy":"post_tag","embeddable":true,"href":"https:\/\/nvnoticias.mx\/index.php\/wp-json\/wp\/v2\/tags?post=86494"}],"curies":[{"name":"wp","href":"https:\/\/api.w.org\/{rel}","templated":true}]}}