{"id":86373,"date":"2022-12-13T15:25:52","date_gmt":"2022-12-13T21:25:52","guid":{"rendered":"https:\/\/nvnoticias.mx\/?p=86373"},"modified":"2022-12-13T15:25:53","modified_gmt":"2022-12-13T21:25:53","slug":"celebra-amlo-relacion-mexico-eu","status":"publish","type":"post","link":"https:\/\/nvnoticias.mx\/index.php\/2022\/12\/13\/celebra-amlo-relacion-mexico-eu\/","title":{"rendered":"Celebra AMLO relaci\u00f3n M\u00e9xico-EU"},"content":{"rendered":"\n<p>El presidente\u00a0Andr\u00e9s Manuel L\u00f3pez Obrador\u00a0celebr\u00f3 la relaci\u00f3n que existe entre M\u00e9xico y Estados Unidos, a 200 a\u00f1os de que inici\u00f3 la diplomacia bilateral.<\/p>\n\n\n\n<p>En la\u00a0conferencia ma\u00f1anera\u00a0de Palacio Nacional, explic\u00f3 que la pr\u00f3xima visita de Joe Biden a M\u00e9xico, el 9 de enero, ser\u00e1 importante porque se va a proponer un plan de trabajo conjunto para beneficiar a todo el continente.<\/p>\n\n\n\n<blockquote class=\"wp-block-quote is-layout-flow wp-block-quote-is-layout-flow\"><p>\u201cLe agradecemos mucho, tuvo la gentileza de enviarnos una carta&#8230; Para ellos y tambi\u00e9n&nbsp;<strong>para nosotros es muy importante esta fecha y somos m\u00e1s amigos que antes&nbsp;<\/strong>y nuestras relaciones econ\u00f3micas y comerciales son de primer orden, somos los principales socios comerciales en el mundo\u201d, dijo.<\/p><\/blockquote>\n\n\n\n<p>De acuerdo con el mandatario,&nbsp;<strong>el plan de trabajo consiste en sustituir las importaciones de otras regiones y privilegiar los productos del continente<\/strong>, as\u00ed como en crear una alianza para el bienestar para mejorar la relaci\u00f3n y el desarrollo entre todos los pa\u00edses.<\/p>\n\n\n\n<blockquote class=\"wp-block-quote is-layout-flow wp-block-quote-is-layout-flow\"><p>\u201cEsto va a significar inversiones y muchos empleos, es muy optimista la situaci\u00f3n econ\u00f3mica del pa\u00eds, hay mucho optimismo, ya est\u00e1n instal\u00e1ndose muchas empresas que estaban en Asia, se est\u00e1n mudando a M\u00e9xico y esto es bastante favorable, m\u00e1s los planes, tambi\u00e9n importantes que tienen que ver con una alianza para el bienestar y otra m\u00e1s, otra alianza para vernos en Am\u00e9rica Latina y el Caribe y todo el continente como aliados y que se respete la soberan\u00eda de los pueblos\u201d, puntualiz\u00f3.<\/p><\/blockquote>\n\n\n\n<p>Ayer, en el marco de la conmemoraci\u00f3n del bicentenario de la relaci\u00f3n M\u00e9xico y Estados Unidos, los presidentes L\u00f3pez Obrador y Biden intercambiaron cartas para celebrar el estrecho trabajo que existe entre las naciones.<\/p>\n\n\n\n<p>Fuente: <a href=\"https:\/\/www.milenio.com\/politica\/somos-mas-amigos-que-antes-amlo-celebra-relacion-entre-con-eu\" data-type=\"URL\" data-id=\"https:\/\/www.milenio.com\/politica\/somos-mas-amigos-que-antes-amlo-celebra-relacion-entre-con-eu\">Milenio<\/a><\/p>\n","protected":false},"excerpt":{"rendered":"<p>El presidente\u00a0Andr\u00e9s Manuel L\u00f3pez Obrador\u00a0celebr\u00f3 la relaci\u00f3n que existe entre M\u00e9xico y Estados Unidos, a 200 a\u00f1os de que inici\u00f3 la diplomacia bilateral. En la\u00a0conferencia ma\u00f1anera\u00a0de Palacio Nacional, explic\u00f3 que la pr\u00f3xima visita de Joe Biden a M\u00e9xico, el 9 de enero, ser\u00e1 importante porque se va a proponer un plan de trabajo conjunto para [&hellip;]<\/p>\n","protected":false},"author":35,"featured_media":64566,"comment_status":"open","ping_status":"open","sticky":false,"template":"","format":"standard","meta":{"_monsterinsights_skip_tracking":false,"_monsterinsights_sitenote_active":false,"_monsterinsights_sitenote_note":"","_monsterinsights_sitenote_category":0,"footnotes":""},"categories":[158],"tags":[188,183,292,7446],"class_list":["post-86373","post","type-post","status-publish","format-standard","has-post-thumbnail","hentry","category-politica","tag-amlo","tag-estados-unidos","tag-mexico","tag-relacion","wp-image-borders"],"amp_enabled":true,"_links":{"self":[{"href":"https:\/\/nvnoticias.mx\/index.php\/wp-json\/wp\/v2\/posts\/86373","targetHints":{"allow":["GET"]}}],"collection":[{"href":"https:\/\/nvnoticias.mx\/index.php\/wp-json\/wp\/v2\/posts"}],"about":[{"href":"https:\/\/nvnoticias.mx\/index.php\/wp-json\/wp\/v2\/types\/post"}],"author":[{"embeddable":true,"href":"https:\/\/nvnoticias.mx\/index.php\/wp-json\/wp\/v2\/users\/35"}],"replies":[{"embeddable":true,"href":"https:\/\/nvnoticias.mx\/index.php\/wp-json\/wp\/v2\/comments?post=86373"}],"version-history":[{"count":1,"href":"https:\/\/nvnoticias.mx\/index.php\/wp-json\/wp\/v2\/posts\/86373\/revisions"}],"predecessor-version":[{"id":86374,"href":"https:\/\/nvnoticias.mx\/index.php\/wp-json\/wp\/v2\/posts\/86373\/revisions\/86374"}],"wp:featuredmedia":[{"embeddable":true,"href":"https:\/\/nvnoticias.mx\/index.php\/wp-json\/wp\/v2\/media\/64566"}],"wp:attachment":[{"href":"https:\/\/nvnoticias.mx\/index.php\/wp-json\/wp\/v2\/media?parent=86373"}],"wp:term":[{"taxonomy":"category","embeddable":true,"href":"https:\/\/nvnoticias.mx\/index.php\/wp-json\/wp\/v2\/categories?post=86373"},{"taxonomy":"post_tag","embeddable":true,"href":"https:\/\/nvnoticias.mx\/index.php\/wp-json\/wp\/v2\/tags?post=86373"}],"curies":[{"name":"wp","href":"https:\/\/api.w.org\/{rel}","templated":true}]}}