{"id":86349,"date":"2022-12-13T14:10:00","date_gmt":"2022-12-13T20:10:00","guid":{"rendered":"https:\/\/nvnoticias.mx\/?p=86349"},"modified":"2022-12-13T14:33:06","modified_gmt":"2022-12-13T20:33:06","slug":"reafirma-alejandro-moreno-rechazo-total-del-pri-al-plan-b","status":"publish","type":"post","link":"https:\/\/nvnoticias.mx\/index.php\/2022\/12\/13\/reafirma-alejandro-moreno-rechazo-total-del-pri-al-plan-b\/","title":{"rendered":"Reafirma Alejandro Moreno rechazo total del PRI al Plan B"},"content":{"rendered":"\n<p>Al reafirmar el \u201crechazo total\u201d de su partido al Plan B de reforma electoral, el presidente nacional del PRI,&nbsp;Alejandro Moreno,&nbsp;<strong>calific\u00f3 dicho proyecto como una locura<\/strong>&nbsp;que no solo lastima y viola el r\u00e9gimen democr\u00e1tico, sino adem\u00e1s vulnera tanto al Instituto Nacional Electoral (INE) como al Tribunal Electoral del Poder Judicial de la Federaci\u00f3n (TEPJF).<\/p>\n\n\n\n<p>Descart\u00f3 as\u00ed el respaldo priista al dictamen,&nbsp;<strong>pese a las correcciones que prev\u00e9 hacer el Senado de la Rep\u00fablica.<\/strong><\/p>\n\n\n\n<blockquote class=\"wp-block-quote is-layout-flow wp-block-quote-is-layout-flow\"><p>\u201cNo por quererle hacer dos correcciones para decir que se modific\u00f3 el dictamen; hay que rechazarlo totalmente, no tiene nada bueno, no es nada bueno, no modifica nada que d\u00e9 certeza, certidumbre, y el INE y el TEPJF no se tocan, es la regla que hay, es lo que los ciudadanos quieren: certeza, certidumbre, en un modelo democr\u00e1tico transparente\u201d, puntualiz\u00f3.<\/p><\/blockquote>\n\n\n\n<p>Entrevistado en el Palacio de San L\u00e1zaro, el tambi\u00e9n diputado reconoci\u00f3 que<strong>&nbsp;la bancada de Morena y sus aliados cuentan con la mayor\u00eda<\/strong>&nbsp;para aprobar el llamado Plan B, pero advirti\u00f3 que la oposici\u00f3n y la sociedad civil no dejar\u00e1n de alzar la voz contra la propuesta presidencial.<\/p>\n\n\n\n<blockquote class=\"wp-block-quote is-layout-flow wp-block-quote-is-layout-flow\"><p>\u201cEs una locura esa reforma que quieren impulsar, no solo lastima y viola el r\u00e9gimen democr\u00e1tico, trastocan fechas, trastocan un movimiento importante que es que no haya nadie que sancione a los servidores p\u00fablicos que puedan andar haciendo campa\u00f1a durante todo el tiempo, la difusi\u00f3n de obras, rompe la equidad, la transparencia, vulneran al Instituto Nacional Electoral, al Tribunal Electoral, o sea, eso no se puede permitir\u201d, remarc\u00f3.<\/p><\/blockquote>\n\n\n\n<p>Moreno confirm\u00f3 que el grupo parlamentario del<strong>&nbsp;PRI en la C\u00e1mara de Senadores votar\u00e1 en contra<\/strong>, pese a las modificaciones que presuntamente solventan los art\u00edculos inconstitucionales.<\/p>\n\n\n\n<blockquote class=\"wp-block-quote is-layout-flow wp-block-quote-is-layout-flow\"><p>\u201cLo que tenemos que hacer no es que se aceptan unas o no, es que todo es un rollo, engrudo, como le quieras llamar, de cosas que no fortalecen a la competencia democr\u00e1tica, y que acudiremos a todas las acciones legales y jur\u00eddicas para no permitir eso. Es un atropello que est\u00e1n haciendo a la ley\u201d, dijo.<\/p><\/blockquote>\n\n\n\n<p>Fuente:<a href=\"https:\/\/www.milenio.com\/politica\/alejandro-moreno-reafirma-rechazo-total-del-pri-al-plan-b-electoral\" data-type=\"URL\" data-id=\"https:\/\/www.milenio.com\/politica\/alejandro-moreno-reafirma-rechazo-total-del-pri-al-plan-b-electoral\"> Milenio<\/a><\/p>\n","protected":false},"excerpt":{"rendered":"<p>Al reafirmar el \u201crechazo total\u201d de su partido al Plan B de reforma electoral, el presidente nacional del PRI,&nbsp;Alejandro Moreno,&nbsp;calific\u00f3 dicho proyecto como una locura&nbsp;que no solo lastima y viola el r\u00e9gimen democr\u00e1tico, sino adem\u00e1s vulnera tanto al Instituto Nacional Electoral (INE) como al Tribunal Electoral del Poder Judicial de la Federaci\u00f3n (TEPJF). Descart\u00f3 as\u00ed [&hellip;]<\/p>\n","protected":false},"author":35,"featured_media":84886,"comment_status":"open","ping_status":"open","sticky":false,"template":"","format":"standard","meta":{"_monsterinsights_skip_tracking":false,"_monsterinsights_sitenote_active":false,"_monsterinsights_sitenote_note":"","_monsterinsights_sitenote_category":0,"footnotes":""},"categories":[158],"tags":[6413,21068,162,208,11838,7481],"class_list":["post-86349","post","type-post","status-publish","format-standard","has-post-thumbnail","hentry","category-politica","tag-alejandro-moreno","tag-plan-b","tag-portada","tag-pri","tag-reafirma","tag-rechazo","wp-image-borders"],"amp_enabled":true,"_links":{"self":[{"href":"https:\/\/nvnoticias.mx\/index.php\/wp-json\/wp\/v2\/posts\/86349","targetHints":{"allow":["GET"]}}],"collection":[{"href":"https:\/\/nvnoticias.mx\/index.php\/wp-json\/wp\/v2\/posts"}],"about":[{"href":"https:\/\/nvnoticias.mx\/index.php\/wp-json\/wp\/v2\/types\/post"}],"author":[{"embeddable":true,"href":"https:\/\/nvnoticias.mx\/index.php\/wp-json\/wp\/v2\/users\/35"}],"replies":[{"embeddable":true,"href":"https:\/\/nvnoticias.mx\/index.php\/wp-json\/wp\/v2\/comments?post=86349"}],"version-history":[{"count":2,"href":"https:\/\/nvnoticias.mx\/index.php\/wp-json\/wp\/v2\/posts\/86349\/revisions"}],"predecessor-version":[{"id":86357,"href":"https:\/\/nvnoticias.mx\/index.php\/wp-json\/wp\/v2\/posts\/86349\/revisions\/86357"}],"wp:featuredmedia":[{"embeddable":true,"href":"https:\/\/nvnoticias.mx\/index.php\/wp-json\/wp\/v2\/media\/84886"}],"wp:attachment":[{"href":"https:\/\/nvnoticias.mx\/index.php\/wp-json\/wp\/v2\/media?parent=86349"}],"wp:term":[{"taxonomy":"category","embeddable":true,"href":"https:\/\/nvnoticias.mx\/index.php\/wp-json\/wp\/v2\/categories?post=86349"},{"taxonomy":"post_tag","embeddable":true,"href":"https:\/\/nvnoticias.mx\/index.php\/wp-json\/wp\/v2\/tags?post=86349"}],"curies":[{"name":"wp","href":"https:\/\/api.w.org\/{rel}","templated":true}]}}