{"id":86268,"date":"2022-12-13T09:21:33","date_gmt":"2022-12-13T15:21:33","guid":{"rendered":"https:\/\/nvnoticias.mx\/?p=86268"},"modified":"2022-12-13T09:21:35","modified_gmt":"2022-12-13T15:21:35","slug":"podrian-diputados-de-morena-votar-contra-plan-b-electoral","status":"publish","type":"post","link":"https:\/\/nvnoticias.mx\/index.php\/2022\/12\/13\/podrian-diputados-de-morena-votar-contra-plan-b-electoral\/","title":{"rendered":"Podr\u00edan Diputados de Morena votar contra &#8216;Plan B&#8217; electoral"},"content":{"rendered":"\n<p>Bajo el amago de un grupo de diputados morenistas de votar contra las correcciones del Senado, la mayor\u00eda de Morena y sus aliados en el Palacio de San L\u00e1zaro se alistan para discutir y avalar incluso ma\u00f1ana mismo el&nbsp;<em>Plan B&nbsp;<\/em>de reforma electoral que&nbsp;<strong>este martes les devolver\u00eda la colegisladora.<\/strong><\/p>\n\n\n\n<p>La Junta de Coordinaci\u00f3n Pol\u00edtica de la C\u00e1mara de Diputados, presidida por el morenista Ignacio Mier, dej\u00f3 en previsi\u00f3n el debate de dichas reformas&nbsp;<strong>en el orden del d\u00eda de la sesi\u00f3n ordinaria del mi\u00e9rcoles 14 de diciembre.<\/strong><\/p>\n\n\n\n<p>No obstante,&nbsp;<strong>legisladores de Morena encabezados por Hamlet Garc\u00eda y Emmanuel Reyes anticiparon su voto contra el proyecto<\/strong>, si el Senado trastoca el \u201cesp\u00edritu\u201d de la iniciativa original del presidente Andr\u00e9s Manuel L\u00f3pez Obrador en tres puntos: austeridad, compactaci\u00f3n de estructuras administrativas del INE y acciones afirmativas a favor de grupos vulnerables.<\/p>\n\n\n\n<blockquote class=\"wp-block-quote is-layout-flow wp-block-quote-is-layout-flow\"><p>\u201cDe ninguna manera vamos a permitir que se modifique la esencia de esta reforma, porque estamos recogiendo demandas del propio pueblo y el pueblo juzgar\u00e1 la actuaci\u00f3n de legisladores\u201d, se\u00f1al\u00f3 Reyes.<\/p><\/blockquote>\n\n\n\n<p>Sostuvo, adem\u00e1s, que en esa posici\u00f3n est\u00e1n no s\u00f3lo dos diputados de Morena, sino un buen n\u00famero \u201cque condenar\u00eda y rechazar\u00eda la minuta, de modificarse la esencia de la iniciativa que enviamos al Senado de la Rep\u00fablica\u201d.<\/p>\n\n\n\n<p>Sin mencionar por nombre y apellido a su correligionario senador Ricardo Monreal, el diputado Emmanuel Reyes remarc\u00f3 que&nbsp;<strong>la reforma electoral no se puede postergar hasta el a\u00f1o pr\u00f3ximo,<\/strong>&nbsp;\u201ccomo quieren algunos para seguir operando y tratando de comprar voluntades y moverse seg\u00fan sus propios intereses\u201d.<\/p>\n\n\n\n<p>El jalisciense Hamlet Garc\u00eda asegur\u00f3 que la bancada guinda en el Palacio de San L\u00e1zaro est\u00e1 abierta a analizar las observaciones del Senado, pero advirti\u00f3:<\/p>\n\n\n\n<blockquote class=\"wp-block-quote is-layout-flow wp-block-quote-is-layout-flow\"><p>\u201cLas vamos a analizar, pero s\u00ed dejar muy claro algo: el l\u00edmite son los ejes fundamentales y si el Senado trastoca la austeridad como eje de la reforma, la reducci\u00f3n de la estructura del INE y perdona a burocracia dorada, si toca las acciones afirmativas, pues entonces yo anuncio que votar\u00e9 en contra si el Senado anula el esp\u00edritu con que el presidente AMLO envi\u00f3 la iniciativa a la C\u00e1mara de Diputados\u201d, subray\u00f3.<\/p><\/blockquote>\n\n\n\n<p>Garc\u00eda hizo as\u00ed un llamado a los senadores de la coalici\u00f3n Juntos Hacemos Historia a&nbsp;<strong>respetar el \u201cesp\u00edritu\u201d del&nbsp;<em>Plan B<\/em>&nbsp;de reforma electoral.<\/strong><\/p>\n\n\n\n<p>El l\u00edder parlamentario de Morena en el Palacio de San L\u00e1zaro, Ignacio Mier, perfil\u00f3 a su vez<strong>&nbsp;la discusi\u00f3n del Plan B por segunda ocasi\u00f3n en la C\u00e1mara de Diputados este mi\u00e9rcoles.<\/strong><\/p>\n\n\n\n<blockquote class=\"wp-block-quote is-layout-flow wp-block-quote-is-layout-flow\"><p>\u201cEstaremos atentos a ver las modificaciones que le hacen para que sean remitidas a la C\u00e1mara de Diputados y aqu\u00ed las atenderemos\u201d, dijo.<\/p><\/blockquote>\n\n\n\n<p>No obstante, Mier neg\u00f3 de manera tajante que los diputados de Morena, PVEM y PT hayan legislado \u201csobre las rodillas\u201d la reforma electoral y, en caso de existir inconsistencias, dijo, para eso est\u00e1 el r\u00e9gimen bicameral y la c\u00e1mara revisora.<\/p>\n\n\n\n<p>Fuente: <a href=\"https:\/\/www.milenio.com\/politica\/diputados-morena-votar-vs-plan-electoral\" data-type=\"URL\" data-id=\"https:\/\/www.milenio.com\/politica\/diputados-morena-votar-vs-plan-electoral\">Milenio<\/a><\/p>\n","protected":false},"excerpt":{"rendered":"<p>Bajo el amago de un grupo de diputados morenistas de votar contra las correcciones del Senado, la mayor\u00eda de Morena y sus aliados en el Palacio de San L\u00e1zaro se alistan para discutir y avalar incluso ma\u00f1ana mismo el&nbsp;Plan B&nbsp;de reforma electoral que&nbsp;este martes les devolver\u00eda la colegisladora. La Junta de Coordinaci\u00f3n Pol\u00edtica de la [&hellip;]<\/p>\n","protected":false},"author":35,"featured_media":7244,"comment_status":"open","ping_status":"open","sticky":false,"template":"","format":"standard","meta":{"_monsterinsights_skip_tracking":false,"_monsterinsights_sitenote_active":false,"_monsterinsights_sitenote_note":"","_monsterinsights_sitenote_category":0,"footnotes":""},"categories":[158],"tags":[566,252,21068,162],"class_list":["post-86268","post","type-post","status-publish","format-standard","has-post-thumbnail","hentry","category-politica","tag-diputados","tag-morena","tag-plan-b","tag-portada","wp-image-borders"],"amp_enabled":true,"_links":{"self":[{"href":"https:\/\/nvnoticias.mx\/index.php\/wp-json\/wp\/v2\/posts\/86268","targetHints":{"allow":["GET"]}}],"collection":[{"href":"https:\/\/nvnoticias.mx\/index.php\/wp-json\/wp\/v2\/posts"}],"about":[{"href":"https:\/\/nvnoticias.mx\/index.php\/wp-json\/wp\/v2\/types\/post"}],"author":[{"embeddable":true,"href":"https:\/\/nvnoticias.mx\/index.php\/wp-json\/wp\/v2\/users\/35"}],"replies":[{"embeddable":true,"href":"https:\/\/nvnoticias.mx\/index.php\/wp-json\/wp\/v2\/comments?post=86268"}],"version-history":[{"count":4,"href":"https:\/\/nvnoticias.mx\/index.php\/wp-json\/wp\/v2\/posts\/86268\/revisions"}],"predecessor-version":[{"id":86272,"href":"https:\/\/nvnoticias.mx\/index.php\/wp-json\/wp\/v2\/posts\/86268\/revisions\/86272"}],"wp:featuredmedia":[{"embeddable":true,"href":"https:\/\/nvnoticias.mx\/index.php\/wp-json\/wp\/v2\/media\/7244"}],"wp:attachment":[{"href":"https:\/\/nvnoticias.mx\/index.php\/wp-json\/wp\/v2\/media?parent=86268"}],"wp:term":[{"taxonomy":"category","embeddable":true,"href":"https:\/\/nvnoticias.mx\/index.php\/wp-json\/wp\/v2\/categories?post=86268"},{"taxonomy":"post_tag","embeddable":true,"href":"https:\/\/nvnoticias.mx\/index.php\/wp-json\/wp\/v2\/tags?post=86268"}],"curies":[{"name":"wp","href":"https:\/\/api.w.org\/{rel}","templated":true}]}}