{"id":85996,"date":"2022-12-10T16:49:26","date_gmt":"2022-12-10T22:49:26","guid":{"rendered":"https:\/\/nvnoticias.mx\/?p=85996"},"modified":"2022-12-10T16:49:27","modified_gmt":"2022-12-10T22:49:27","slug":"rinden-homenaje-a-gilberto-farias-en-mexicali","status":"publish","type":"post","link":"https:\/\/nvnoticias.mx\/index.php\/2022\/12\/10\/rinden-homenaje-a-gilberto-farias-en-mexicali\/","title":{"rendered":"Rinden homenaje a Gilberto Far\u00edas en Mexicali"},"content":{"rendered":"\n<p><strong>Jes\u00fas Utrilla\u00a0 \u00a0| NV Noticias<\/strong><\/p>\n\n\n\n<p>Por su destacada labor como jurista, su impulso a los cambios que el sistema de justicia mexicano requiere en la actualidad ante los cambios globales, y su compromiso con la mejora constante, la profesionalizaci\u00f3n y actualizaci\u00f3n de las condiciones de trabajo de los litigantes de todo el pa\u00eds, el Colegio de Abogados de Mexicali, B.C., rindi\u00f3 un merecido reconocimiento al doctor Gilberto Far\u00edas Morales, veracruzano presidente del Colegio Nacional de Abogados Penalistas AC.\u00a0 \u00a0<\/p>\n\n\n\n<p>En una cena de gana que reuni\u00f3 a los profesionales de la b\u00fasqueda de la justicia para todos de la regi\u00f3n, el Colegio de Abogados de Mexicali, en voz de su presidente, doctor Manuel Castro Figueroa, dej\u00f3 en claro que la trayectoria intachable y el compromiso evidente del maestro y doctor Gilberto Far\u00edas Morales, \u201chac\u00edan m\u00e1s que necesario el reconocer de manera p\u00fablica y con este pergamino que pone de manifiesto el sentir del sector, a quien todos los d\u00edas insiste en su lucha por la defensa de la abogac\u00eda, de los derechos de los justiciables, pero sobre todo, por la consolidaci\u00f3n de un sistema de justicia mexicano adecuado a la realidad que vive nuestro pa\u00eds y el entorno global\u201d, se\u00f1al\u00f3.\u00a0<\/p>\n\n\n\n<p> En la ceremonia que tambi\u00e9n se reconoci\u00f3 la trayectoria de la Doctora Marina Del Pilar Olmeda Garc\u00eda y al doctor Pedro Adriel Mend\u00edvil Garc\u00eda, as\u00ed como a la Presidenta del Observatorio Mexicano de Estrategias de Litigaci\u00f3n Penal A.C., Mar\u00eda Isabel Herrera Covarrubias, el doctor Far\u00edas Morales habr\u00eda sido m\u00e1s que claro al establecer que la labor que a diario realiza \u201cno es en busca de reconocimientos como este, que dicho sea de paso, se agradecen con gran cari\u00f1o por venir de quienes como un servidor, b\u00fascalos d\u00eda a d\u00eda la justicia para todos, es una labor que todos debemos realizar, buscar siempre la superaci\u00f3n personal y profesional, encauzar a las nuevas generaciones, pero sobre todo concientizarlos del papel que deben jugar, que su importancia y responsabilidad para consolidar un mejor M\u00e9xico para todos\u201d dijo al recibir la presea.<\/p>\n","protected":false},"excerpt":{"rendered":"<p>Jes\u00fas Utrilla\u00a0 \u00a0| NV Noticias Por su destacada labor como jurista, su impulso a los cambios que el sistema de justicia mexicano requiere en la actualidad ante los cambios globales, y su compromiso con la mejora constante, la profesionalizaci\u00f3n y actualizaci\u00f3n de las condiciones de trabajo de los litigantes de todo el pa\u00eds, el Colegio [&hellip;]<\/p>\n","protected":false},"author":35,"featured_media":85997,"comment_status":"open","ping_status":"open","sticky":false,"template":"","format":"standard","meta":{"_monsterinsights_skip_tracking":false,"_monsterinsights_sitenote_active":false,"_monsterinsights_sitenote_note":"","_monsterinsights_sitenote_category":0,"footnotes":""},"categories":[154],"tags":[21748,3704,19990,12882],"class_list":["post-85996","post","type-post","status-publish","format-standard","has-post-thumbnail","hentry","category-veracruz","tag-gilberto-farias","tag-homenaje","tag-mexicali","tag-rinden","wp-image-borders"],"amp_enabled":true,"_links":{"self":[{"href":"https:\/\/nvnoticias.mx\/index.php\/wp-json\/wp\/v2\/posts\/85996","targetHints":{"allow":["GET"]}}],"collection":[{"href":"https:\/\/nvnoticias.mx\/index.php\/wp-json\/wp\/v2\/posts"}],"about":[{"href":"https:\/\/nvnoticias.mx\/index.php\/wp-json\/wp\/v2\/types\/post"}],"author":[{"embeddable":true,"href":"https:\/\/nvnoticias.mx\/index.php\/wp-json\/wp\/v2\/users\/35"}],"replies":[{"embeddable":true,"href":"https:\/\/nvnoticias.mx\/index.php\/wp-json\/wp\/v2\/comments?post=85996"}],"version-history":[{"count":1,"href":"https:\/\/nvnoticias.mx\/index.php\/wp-json\/wp\/v2\/posts\/85996\/revisions"}],"predecessor-version":[{"id":85998,"href":"https:\/\/nvnoticias.mx\/index.php\/wp-json\/wp\/v2\/posts\/85996\/revisions\/85998"}],"wp:featuredmedia":[{"embeddable":true,"href":"https:\/\/nvnoticias.mx\/index.php\/wp-json\/wp\/v2\/media\/85997"}],"wp:attachment":[{"href":"https:\/\/nvnoticias.mx\/index.php\/wp-json\/wp\/v2\/media?parent=85996"}],"wp:term":[{"taxonomy":"category","embeddable":true,"href":"https:\/\/nvnoticias.mx\/index.php\/wp-json\/wp\/v2\/categories?post=85996"},{"taxonomy":"post_tag","embeddable":true,"href":"https:\/\/nvnoticias.mx\/index.php\/wp-json\/wp\/v2\/tags?post=85996"}],"curies":[{"name":"wp","href":"https:\/\/api.w.org\/{rel}","templated":true}]}}