{"id":85850,"date":"2022-12-09T12:20:17","date_gmt":"2022-12-09T18:20:17","guid":{"rendered":"https:\/\/nvnoticias.mx\/?p=85850"},"modified":"2022-12-09T12:20:19","modified_gmt":"2022-12-09T18:20:19","slug":"recomienda-ocde-alzas-del-salario-minimo-ante-la-escalada-de-la-inflacion","status":"publish","type":"post","link":"https:\/\/nvnoticias.mx\/index.php\/2022\/12\/09\/recomienda-ocde-alzas-del-salario-minimo-ante-la-escalada-de-la-inflacion\/","title":{"rendered":"Recomienda OCDE alzas del salario m\u00ednimo ante la escalada de la inflaci\u00f3n"},"content":{"rendered":"\n<p>La Organizaci\u00f3n para la Cooperaci\u00f3n y el Desarrollo Econ\u00f3micos\u200b (OCDE) considera que ante la escalada de la inflaci\u00f3n actual hay que favorecer los aumentos del salario m\u00ednimo para amortiguar el golpe para las familias m\u00e1s vulnerables, y acompa\u00f1ar eso de otras prestaciones sociales y mecanismos o bonificaciones para compensar el encarecimiento de la energ\u00eda.<\/p>\n\n\n\n<p>\u201cAunque la elevada incertidumbre y una desaceleraci\u00f3n significativa del crecimiento econ\u00f3mico pueden sugerir cautela en la subida de los salarios m\u00ednimos,&nbsp;<strong>varios pa\u00edses tienen m\u00e1rgenes para ir m\u00e1s all\u00e1 de los actuales niveles salariales m\u00ednimos y proteger, al menos parcialmente, a los trabajadores m\u00e1s vulnerables de la subida de los precios\u201d<\/strong>, se\u00f1ala.<\/p>\n\n\n\n<p>En un informe dedicado al salario m\u00ednimo en estos tiempos de inflaci\u00f3n, publicado este viernes, la OCDE no dice cu\u00e1les son esos pa\u00edses, pero s\u00ed que da algunas pistas indirectas.<\/p>\n\n\n\n<p>Una de ellas es compararlo en t\u00e9rminos relativos -en cada uno de los 30 pa\u00edses de sus 38 miembros en los que existe un salario m\u00ednimo nacional- con el salario mediano, es decir, con la remuneraci\u00f3n por debajo de la cual est\u00e1n el 50% de los trabajadores y por encima el otro 50%.<\/p>\n\n\n\n<p>Como media,&nbsp;<strong>en la OCDE el salario m\u00ednimo representa un 55% del mediano, aunque esa cifra var\u00eda mucho, de m\u00e1s del 70% en Colombia (92%), Costa Rica (81%), Chile (72%) y Turqu\u00eda (70%), a solo un 29% en Estados Unidos.<\/strong><\/p>\n\n\n\n<p><strong>Espa\u00f1a se sit\u00faa por debajo de la media, con un 48%, un porcentaje que ha subido notablemente desde 2005<\/strong>\u00a0(era entonces del 37%), pero que sigue siendo inferior al de los otros grandes pa\u00edses europeos como Alemania (51%), Reino Unido (57%) o Francia (61%).<\/p>\n\n\n\n<p>Los autores del estudio tambi\u00e9n analizan la p\u00e9rdida de poder adquisitivo del salario m\u00ednimo en una docena de pa\u00edses miembros entre finales de 2020 y septiembre de 2022.<\/p>\n\n\n\n<p>La ca\u00edda en t\u00e9rminos reales es particularmente fuerte (m\u00e1s del 10%) en Estados Unidos, donde no ha habido ninguna revalorizaci\u00f3n en esos siete trimestres, y en Holanda.<\/p>\n\n\n\n<p>La p\u00e9rdida del poder adquisitivo es superior al 5% en Espa\u00f1a (el incremento del 5.3% del salario m\u00ednimo en enero no ha permitido compensar el impacto de la inflaci\u00f3n) y en Polonia, mientras que se sit\u00faa entre el 0 y el 5% en Alemania, Grecia, Reino Unido y Jap\u00f3n.<\/p>\n\n\n\n<p>Frente a eso, se ha mantenido el poder adquisitivo del salario m\u00ednimo en Australia y ha aumentado entre un 0 y un 5% en B\u00e9lgica, Francia y, sobre todo en Chile, donde el salario m\u00ednimo ha tenido tres incrementos en el periodo estudiado (del 3.2% en mayo de 2021, del 12.8% en mayo de 2022 y del 5.3% en agosto de 2022).<\/p>\n\n\n\n<p>Fuente: <a href=\"https:\/\/www.forbes.com.mx\/ocde-recomienda-alzas-del-salario-minimo-ante-la-escalada-de-la-inflacion\/\" data-type=\"URL\" data-id=\"https:\/\/www.forbes.com.mx\/ocde-recomienda-alzas-del-salario-minimo-ante-la-escalada-de-la-inflacion\/\">Forbes<\/a><\/p>\n","protected":false},"excerpt":{"rendered":"<p>La Organizaci\u00f3n para la Cooperaci\u00f3n y el Desarrollo Econ\u00f3micos\u200b (OCDE) considera que ante la escalada de la inflaci\u00f3n actual hay que favorecer los aumentos del salario m\u00ednimo para amortiguar el golpe para las familias m\u00e1s vulnerables, y acompa\u00f1ar eso de otras prestaciones sociales y mecanismos o bonificaciones para compensar el encarecimiento de la energ\u00eda. \u201cAunque [&hellip;]<\/p>\n","protected":false},"author":35,"featured_media":32501,"comment_status":"open","ping_status":"open","sticky":false,"template":"","format":"standard","meta":{"_monsterinsights_skip_tracking":false,"_monsterinsights_sitenote_active":false,"_monsterinsights_sitenote_note":"","_monsterinsights_sitenote_category":0,"footnotes":""},"categories":[157],"tags":[15279,2978,7533,11208,1161],"class_list":["post-85850","post","type-post","status-publish","format-standard","has-post-thumbnail","hentry","category-nacional","tag-alzas","tag-inflacion","tag-ocde","tag-recomienda","tag-salario-minimo","wp-image-borders"],"amp_enabled":true,"_links":{"self":[{"href":"https:\/\/nvnoticias.mx\/index.php\/wp-json\/wp\/v2\/posts\/85850","targetHints":{"allow":["GET"]}}],"collection":[{"href":"https:\/\/nvnoticias.mx\/index.php\/wp-json\/wp\/v2\/posts"}],"about":[{"href":"https:\/\/nvnoticias.mx\/index.php\/wp-json\/wp\/v2\/types\/post"}],"author":[{"embeddable":true,"href":"https:\/\/nvnoticias.mx\/index.php\/wp-json\/wp\/v2\/users\/35"}],"replies":[{"embeddable":true,"href":"https:\/\/nvnoticias.mx\/index.php\/wp-json\/wp\/v2\/comments?post=85850"}],"version-history":[{"count":1,"href":"https:\/\/nvnoticias.mx\/index.php\/wp-json\/wp\/v2\/posts\/85850\/revisions"}],"predecessor-version":[{"id":85851,"href":"https:\/\/nvnoticias.mx\/index.php\/wp-json\/wp\/v2\/posts\/85850\/revisions\/85851"}],"wp:featuredmedia":[{"embeddable":true,"href":"https:\/\/nvnoticias.mx\/index.php\/wp-json\/wp\/v2\/media\/32501"}],"wp:attachment":[{"href":"https:\/\/nvnoticias.mx\/index.php\/wp-json\/wp\/v2\/media?parent=85850"}],"wp:term":[{"taxonomy":"category","embeddable":true,"href":"https:\/\/nvnoticias.mx\/index.php\/wp-json\/wp\/v2\/categories?post=85850"},{"taxonomy":"post_tag","embeddable":true,"href":"https:\/\/nvnoticias.mx\/index.php\/wp-json\/wp\/v2\/tags?post=85850"}],"curies":[{"name":"wp","href":"https:\/\/api.w.org\/{rel}","templated":true}]}}