{"id":85759,"date":"2022-12-08T14:17:39","date_gmt":"2022-12-08T20:17:39","guid":{"rendered":"https:\/\/nvnoticias.mx\/?p=85759"},"modified":"2022-12-08T14:17:41","modified_gmt":"2022-12-08T20:17:41","slug":"dictan-siete-dias-de-detencion-preliminar-a-ex-presidente-pedro-castillo-en-peru","status":"publish","type":"post","link":"https:\/\/nvnoticias.mx\/index.php\/2022\/12\/08\/dictan-siete-dias-de-detencion-preliminar-a-ex-presidente-pedro-castillo-en-peru\/","title":{"rendered":"Dictan siete d\u00edas de detenci\u00f3n preliminar a ex presidente Pedro Castillo en Per\u00fa"},"content":{"rendered":"\n<p>Un juzgado supremo peruano dict\u00f3 este jueves siete d\u00edas de prisi\u00f3n preliminar para el destituido presidente Pedro Castillo, acusado de rebeli\u00f3n y conspiraci\u00f3n tras su fallido golpe de estado.<\/p>\n\n\n\n<blockquote class=\"wp-block-quote is-layout-flow wp-block-quote-is-layout-flow\"><p> &#8220;Juzgado Supremo de Investigaci\u00f3n Preparatoria, a cargo de juez Juan Carlos Checkley, dispone siete d\u00edas de detenci\u00f3n preliminar contra el expresidente Pedro Castillo, investigado por el delito de rebeli\u00f3n (alternativamente conspiraci\u00f3n)&#8221;, tuite\u00f3 el Poder Judicial en su cuenta de la red social Twitter. <\/p><\/blockquote>\n\n\n\n<p>Fuente: <a href=\"https:\/\/www.milenio.com\/internacional\/peru-dictan-detencion-preliminar-pedro-castillo\" data-type=\"URL\" data-id=\"https:\/\/www.milenio.com\/internacional\/peru-dictan-detencion-preliminar-pedro-castillo\">Milenio<\/a><\/p>\n","protected":false},"excerpt":{"rendered":"<p>Un juzgado supremo peruano dict\u00f3 este jueves siete d\u00edas de prisi\u00f3n preliminar para el destituido presidente Pedro Castillo, acusado de rebeli\u00f3n y conspiraci\u00f3n tras su fallido golpe de estado. &#8220;Juzgado Supremo de Investigaci\u00f3n Preparatoria, a cargo de juez Juan Carlos Checkley, dispone siete d\u00edas de detenci\u00f3n preliminar contra el expresidente Pedro Castillo, investigado por el [&hellip;]<\/p>\n","protected":false},"author":35,"featured_media":83585,"comment_status":"open","ping_status":"open","sticky":false,"template":"","format":"standard","meta":{"_monsterinsights_skip_tracking":false,"_monsterinsights_sitenote_active":false,"_monsterinsights_sitenote_note":"","_monsterinsights_sitenote_category":0,"footnotes":""},"categories":[181],"tags":[428,11245,5228,16137,4602,21689,13734],"class_list":["post-85759","post","type-post","status-publish","format-standard","has-post-thumbnail","hentry","category-internacional","tag-detencion","tag-dictan","tag-ex-presidente","tag-pedro-castillo","tag-peru","tag-preliminar","tag-siete-dias","wp-image-borders"],"amp_enabled":true,"_links":{"self":[{"href":"https:\/\/nvnoticias.mx\/index.php\/wp-json\/wp\/v2\/posts\/85759","targetHints":{"allow":["GET"]}}],"collection":[{"href":"https:\/\/nvnoticias.mx\/index.php\/wp-json\/wp\/v2\/posts"}],"about":[{"href":"https:\/\/nvnoticias.mx\/index.php\/wp-json\/wp\/v2\/types\/post"}],"author":[{"embeddable":true,"href":"https:\/\/nvnoticias.mx\/index.php\/wp-json\/wp\/v2\/users\/35"}],"replies":[{"embeddable":true,"href":"https:\/\/nvnoticias.mx\/index.php\/wp-json\/wp\/v2\/comments?post=85759"}],"version-history":[{"count":1,"href":"https:\/\/nvnoticias.mx\/index.php\/wp-json\/wp\/v2\/posts\/85759\/revisions"}],"predecessor-version":[{"id":85760,"href":"https:\/\/nvnoticias.mx\/index.php\/wp-json\/wp\/v2\/posts\/85759\/revisions\/85760"}],"wp:featuredmedia":[{"embeddable":true,"href":"https:\/\/nvnoticias.mx\/index.php\/wp-json\/wp\/v2\/media\/83585"}],"wp:attachment":[{"href":"https:\/\/nvnoticias.mx\/index.php\/wp-json\/wp\/v2\/media?parent=85759"}],"wp:term":[{"taxonomy":"category","embeddable":true,"href":"https:\/\/nvnoticias.mx\/index.php\/wp-json\/wp\/v2\/categories?post=85759"},{"taxonomy":"post_tag","embeddable":true,"href":"https:\/\/nvnoticias.mx\/index.php\/wp-json\/wp\/v2\/tags?post=85759"}],"curies":[{"name":"wp","href":"https:\/\/api.w.org\/{rel}","templated":true}]}}