{"id":85735,"date":"2022-12-08T13:00:50","date_gmt":"2022-12-08T19:00:50","guid":{"rendered":"https:\/\/nvnoticias.mx\/?p=85735"},"modified":"2022-12-08T13:00:51","modified_gmt":"2022-12-08T19:00:51","slug":"confia-sergio-de-la-maza-que-2023-sea-mejor-ano-para-tamsa","status":"publish","type":"post","link":"https:\/\/nvnoticias.mx\/index.php\/2022\/12\/08\/confia-sergio-de-la-maza-que-2023-sea-mejor-ano-para-tamsa\/","title":{"rendered":"Conf\u00eda Sergio de la Maza que 2023 sea mejor a\u00f1o para Tamsa"},"content":{"rendered":"\n<p><strong>Jes\u00fas Utrilla \/ NV Noticias<\/strong><\/p>\n\n\n\n<p>El pr\u00f3ximo a\u00f1o podr\u00eda ser de mayor reactivaci\u00f3n econ\u00f3mica, pues se restableci\u00f3 la cadena de suministro y la exportaci\u00f3n de tubos desde Veracruz, afirm\u00f3 Sergio de la Maza Jim\u00e9nez, director general de Tenaris-Tamsa.<\/p>\n\n\n\n<p>Afirm\u00f3 que la demanda de petr\u00f3leo favoreci\u00f3 las exportaciones de tubo y se mantienen las fuentes de empleo en dicha planta del parque industrial de Veracruz.&nbsp;<\/p>\n\n\n\n<p>Explic\u00f3 que la compa\u00f1\u00eda exporta el 75 por ciento del mill\u00f3n de toneladas que produce de forma anual.<\/p>\n\n\n\n<p>Adem\u00e1s desde noviembre del a\u00f1o pasado la producci\u00f3n increment\u00f3 entre 30 y 40 por ciento.<\/p>\n\n\n\n<blockquote class=\"wp-block-quote is-layout-flow wp-block-quote-is-layout-flow\"><p>\u201c<em>Increment\u00f3 la producci\u00f3n desde noviembre del a\u00f1o pasado que empezamos a tener plena carga. Respecto al a\u00f1o pasado ya estamos a la misma capacidad<\/em>\u201d.\u00a0<\/p><\/blockquote>\n\n\n\n<p>Afirm\u00f3 que durante 2022 se ejercieron inversiones en infraestructuras en la parte de ciudad industrial Bruno Pagliai, para tener caminos en mejores condiciones para el tr\u00e1nsito de los trabajadores y del material que ocupan las empresas.<\/p>\n\n\n\n<blockquote class=\"wp-block-quote is-layout-flow wp-block-quote-is-layout-flow\"><p>\u201c<em>Estamos trabajando, han hecho un gran trabajo en infraestructura que es lo que necesitamos para mover nuestros productos y camine nuestra gente. Se rehabilit\u00f3 hasta ciudad industria<\/em>\u201d.<\/p><\/blockquote>\n\n\n\n<p>De la Maza Jim\u00e9nez afirm\u00f3 que se trabaja en el entronque del kil\u00f3metro 13.5 para contar con una vialidad m\u00e1s segura.<\/p>\n","protected":false},"excerpt":{"rendered":"<p>Jes\u00fas Utrilla \/ NV Noticias El pr\u00f3ximo a\u00f1o podr\u00eda ser de mayor reactivaci\u00f3n econ\u00f3mica, pues se restableci\u00f3 la cadena de suministro y la exportaci\u00f3n de tubos desde Veracruz, afirm\u00f3 Sergio de la Maza Jim\u00e9nez, director general de Tenaris-Tamsa. Afirm\u00f3 que la demanda de petr\u00f3leo favoreci\u00f3 las exportaciones de tubo y se mantienen las fuentes de [&hellip;]<\/p>\n","protected":false},"author":8,"featured_media":85736,"comment_status":"open","ping_status":"open","sticky":false,"template":"","format":"standard","meta":{"_monsterinsights_skip_tracking":false,"_monsterinsights_sitenote_active":false,"_monsterinsights_sitenote_note":"","_monsterinsights_sitenote_category":0,"footnotes":""},"categories":[154],"tags":[21685,7427],"class_list":["post-85735","post","type-post","status-publish","format-standard","has-post-thumbnail","hentry","category-veracruz","tag-sergio-de-la-maza","tag-tamsa","wp-image-borders"],"amp_enabled":true,"_links":{"self":[{"href":"https:\/\/nvnoticias.mx\/index.php\/wp-json\/wp\/v2\/posts\/85735","targetHints":{"allow":["GET"]}}],"collection":[{"href":"https:\/\/nvnoticias.mx\/index.php\/wp-json\/wp\/v2\/posts"}],"about":[{"href":"https:\/\/nvnoticias.mx\/index.php\/wp-json\/wp\/v2\/types\/post"}],"author":[{"embeddable":true,"href":"https:\/\/nvnoticias.mx\/index.php\/wp-json\/wp\/v2\/users\/8"}],"replies":[{"embeddable":true,"href":"https:\/\/nvnoticias.mx\/index.php\/wp-json\/wp\/v2\/comments?post=85735"}],"version-history":[{"count":1,"href":"https:\/\/nvnoticias.mx\/index.php\/wp-json\/wp\/v2\/posts\/85735\/revisions"}],"predecessor-version":[{"id":85737,"href":"https:\/\/nvnoticias.mx\/index.php\/wp-json\/wp\/v2\/posts\/85735\/revisions\/85737"}],"wp:featuredmedia":[{"embeddable":true,"href":"https:\/\/nvnoticias.mx\/index.php\/wp-json\/wp\/v2\/media\/85736"}],"wp:attachment":[{"href":"https:\/\/nvnoticias.mx\/index.php\/wp-json\/wp\/v2\/media?parent=85735"}],"wp:term":[{"taxonomy":"category","embeddable":true,"href":"https:\/\/nvnoticias.mx\/index.php\/wp-json\/wp\/v2\/categories?post=85735"},{"taxonomy":"post_tag","embeddable":true,"href":"https:\/\/nvnoticias.mx\/index.php\/wp-json\/wp\/v2\/tags?post=85735"}],"curies":[{"name":"wp","href":"https:\/\/api.w.org\/{rel}","templated":true}]}}