{"id":85585,"date":"2022-12-07T12:44:40","date_gmt":"2022-12-07T18:44:40","guid":{"rendered":"https:\/\/nvnoticias.mx\/?p=85585"},"modified":"2022-12-07T12:44:42","modified_gmt":"2022-12-07T18:44:42","slug":"admite-putin-que-la-guerra-podria-alargarse","status":"publish","type":"post","link":"https:\/\/nvnoticias.mx\/index.php\/2022\/12\/07\/admite-putin-que-la-guerra-podria-alargarse\/","title":{"rendered":"Admite Putin que la guerra podr\u00eda alargarse"},"content":{"rendered":"\n<p>&nbsp;<strong>El presidente ruso, Vlad\u00edmir Putin, admiti\u00f3 hoy que las acciones militares en Ucrania podr\u00edan alargarse en el tiempo, pero descart\u00f3 una segunda ola de movilizaci\u00f3n de reservistas.<\/strong><\/p>\n\n\n\n<p>\u201cPor supuesto, esto puede ser un proceso prolongado\u201d, afirm\u00f3 hoy durante la reuni\u00f3n del consejo de derechos humanos adscrito al Kremlin.<\/p>\n\n\n\n<p>Al mismo tiempo, Putin subray\u00f3 que ser\u00eda un error no reconocer que en Rusia&nbsp;<strong>\u201chan aparecido nuevos territorios\u201d<\/strong>, en alusi\u00f3n a las cuatro regiones ucranianas anexionadas en septiembre (Donetsk, Lugansk, Jers\u00f3n y Zaporiyia).<\/p>\n\n\n\n<blockquote class=\"wp-block-quote is-layout-flow wp-block-quote-is-layout-flow\"><p>\u201cEs un resultado significativo para Rusia. Y el mar de Azov se ha convertido en un mar interior de Rusia. Son cosas serias. Pedro el Grande ya luch\u00f3 por encontrar una salida al Azov\u201d, dijo.<\/p><\/blockquote>\n\n\n\n<p>Record\u00f3 que los referendos celebrados en esos cuatro territorios demostraron, seg\u00fan el jefe del Kremlin, que sus habitantes quieren vivir con Rusia.<\/p>\n\n\n\n<blockquote class=\"wp-block-quote is-layout-flow wp-block-quote-is-layout-flow\"><p><strong>\u201cY ese es el resultado m\u00e1s importante. Ahora, ellos est\u00e1n con nosotros. Y son millones de personas. Eso es lo principal\u201d<\/strong>, subray\u00f3.<\/p><\/blockquote>\n\n\n\n<p>Putin utiliz\u00f3 la palabra \u201cguerra\u201d para asegurar que no fue Rusia la que inici\u00f3 los combates en el Donb\u00e1s en 2014, cuando estall\u00f3 la sublevaci\u00f3n prorrusa contra Kiev.<\/p>\n\n\n\n<p>A su vez,&nbsp;<strong>descart\u00f3 hoy una segunda ola de movilizaci\u00f3n de reservistas con el objetivo de reforzar a las tropas que ya combaten Ucrania.<\/strong><\/p>\n\n\n\n<blockquote class=\"wp-block-quote is-layout-flow wp-block-quote-is-layout-flow\"><p>\u201cEsos rumores (\u2026) no tienen sentido. A d\u00eda de hoy, no hay ninguna necesidad de ello ni para el Estado ni para el Ministerio de Defensa\u201d, dijo.<\/p><\/blockquote>\n\n\n\n<p>Fuente: <a href=\"https:\/\/www.forbes.com.mx\/putin-admite-que-la-guerra-podria-alargarse-descarta-nueva-movilizacion\/\" data-type=\"URL\" data-id=\"https:\/\/www.forbes.com.mx\/putin-admite-que-la-guerra-podria-alargarse-descarta-nueva-movilizacion\/\">Forbes<\/a><\/p>\n","protected":false},"excerpt":{"rendered":"<p>&nbsp;El presidente ruso, Vlad\u00edmir Putin, admiti\u00f3 hoy que las acciones militares en Ucrania podr\u00edan alargarse en el tiempo, pero descart\u00f3 una segunda ola de movilizaci\u00f3n de reservistas. \u201cPor supuesto, esto puede ser un proceso prolongado\u201d, afirm\u00f3 hoy durante la reuni\u00f3n del consejo de derechos humanos adscrito al Kremlin. Al mismo tiempo, Putin subray\u00f3 que ser\u00eda [&hellip;]<\/p>\n","protected":false},"author":35,"featured_media":8498,"comment_status":"open","ping_status":"open","sticky":false,"template":"","format":"standard","meta":{"_monsterinsights_skip_tracking":false,"_monsterinsights_sitenote_active":false,"_monsterinsights_sitenote_note":"","_monsterinsights_sitenote_category":0,"footnotes":""},"categories":[181],"tags":[10455,21648,187,12200,703],"class_list":["post-85585","post","type-post","status-publish","format-standard","has-post-thumbnail","hentry","category-internacional","tag-admite","tag-alargarse","tag-guerra","tag-podria","tag-vladimir-putin","wp-image-borders"],"amp_enabled":true,"_links":{"self":[{"href":"https:\/\/nvnoticias.mx\/index.php\/wp-json\/wp\/v2\/posts\/85585","targetHints":{"allow":["GET"]}}],"collection":[{"href":"https:\/\/nvnoticias.mx\/index.php\/wp-json\/wp\/v2\/posts"}],"about":[{"href":"https:\/\/nvnoticias.mx\/index.php\/wp-json\/wp\/v2\/types\/post"}],"author":[{"embeddable":true,"href":"https:\/\/nvnoticias.mx\/index.php\/wp-json\/wp\/v2\/users\/35"}],"replies":[{"embeddable":true,"href":"https:\/\/nvnoticias.mx\/index.php\/wp-json\/wp\/v2\/comments?post=85585"}],"version-history":[{"count":1,"href":"https:\/\/nvnoticias.mx\/index.php\/wp-json\/wp\/v2\/posts\/85585\/revisions"}],"predecessor-version":[{"id":85587,"href":"https:\/\/nvnoticias.mx\/index.php\/wp-json\/wp\/v2\/posts\/85585\/revisions\/85587"}],"wp:featuredmedia":[{"embeddable":true,"href":"https:\/\/nvnoticias.mx\/index.php\/wp-json\/wp\/v2\/media\/8498"}],"wp:attachment":[{"href":"https:\/\/nvnoticias.mx\/index.php\/wp-json\/wp\/v2\/media?parent=85585"}],"wp:term":[{"taxonomy":"category","embeddable":true,"href":"https:\/\/nvnoticias.mx\/index.php\/wp-json\/wp\/v2\/categories?post=85585"},{"taxonomy":"post_tag","embeddable":true,"href":"https:\/\/nvnoticias.mx\/index.php\/wp-json\/wp\/v2\/tags?post=85585"}],"curies":[{"name":"wp","href":"https:\/\/api.w.org\/{rel}","templated":true}]}}