{"id":85557,"date":"2022-12-07T12:08:42","date_gmt":"2022-12-07T18:08:42","guid":{"rendered":"https:\/\/nvnoticias.mx\/?p=85557"},"modified":"2022-12-07T12:08:43","modified_gmt":"2022-12-07T18:08:43","slug":"era-necesaria-la-reforma-electoral-pero-leyes-secundarias-ayudaran-a-la-democracia-pt","status":"publish","type":"post","link":"https:\/\/nvnoticias.mx\/index.php\/2022\/12\/07\/era-necesaria-la-reforma-electoral-pero-leyes-secundarias-ayudaran-a-la-democracia-pt\/","title":{"rendered":"Era necesaria la reforma electoral pero leyes secundarias ayudar\u00e1n a la democracia: PT"},"content":{"rendered":"\n<p><strong>Jes\u00fas Utrilla \/ NV Noticias<\/strong><\/p>\n\n\n\n<p>Las leyes secundarias de la ley electoral ayudar\u00e1n a tener m\u00e1s democracia, luego que no se aprobar\u00e1 la reforma constitucional, consider\u00f3 Jos\u00e9 Manuel P\u00e9rez, coordinador del PT en la ciudad de Veracruz.<\/p>\n\n\n\n<p>Record\u00f3 que el Partido del Trabajo vot\u00f3 a favor pero no se alcanzaron los dos tercios de los legisladores para avanzar.\u00a0 Sin embargo, se aprobaron cambios en las leyes secundarias.<\/p>\n\n\n\n<blockquote class=\"wp-block-quote is-layout-flow wp-block-quote-is-layout-flow\"><p>\u201c<em>Esperemos que se logre a futuro un cambio. Tenemos como candidato a Fern\u00e1ndez Noro\u00f1a<\/em>\u201d.<\/p><\/blockquote>\n\n\n\n<p>Por otro lado inform\u00f3 que el PT puso en marcha un programa nacional de afiliaci\u00f3n incluso disidentes de otros partidos se unieron al Partido del Trabajo.<\/p>\n\n\n\n<p>Afirm\u00f3 que en el caso de Veracruz varios ex militantes de Morena solicitaron unirse al PT.<\/p>\n\n\n\n<blockquote class=\"wp-block-quote is-layout-flow wp-block-quote-is-layout-flow\"><p>\u201c<em>Tenemos como 3 mil 500 y ahorita se est\u00e1 llevando a cabo el recuento. Se est\u00e1 haciendo una reafiliaci\u00f3n. La gente se ha estado sumando al partido y de Morena de han pasado al PT, hablamos de unos 40<\/em>\u201d.<\/p><\/blockquote>\n\n\n\n<p>La jornada se mantendr\u00e1 abierta pues se busca sumar activos de cara a las elecciones de 2024.<\/p>\n\n\n\n<p>Invit\u00f3 a convertirse en la militancia petista que defiende las causas de la gente y que consolida la Cuarta Transformaci\u00f3n en la entidad.<\/p>\n","protected":false},"excerpt":{"rendered":"<p>Jes\u00fas Utrilla \/ NV Noticias Las leyes secundarias de la ley electoral ayudar\u00e1n a tener m\u00e1s democracia, luego que no se aprobar\u00e1 la reforma constitucional, consider\u00f3 Jos\u00e9 Manuel P\u00e9rez, coordinador del PT en la ciudad de Veracruz. Record\u00f3 que el Partido del Trabajo vot\u00f3 a favor pero no se alcanzaron los dos tercios de los [&hellip;]<\/p>\n","protected":false},"author":8,"featured_media":85560,"comment_status":"open","ping_status":"open","sticky":false,"template":"","format":"standard","meta":{"_monsterinsights_skip_tracking":false,"_monsterinsights_sitenote_active":false,"_monsterinsights_sitenote_note":"","_monsterinsights_sitenote_category":0,"footnotes":""},"categories":[154],"tags":[345,4409,180],"class_list":["post-85557","post","type-post","status-publish","format-standard","has-post-thumbnail","hentry","category-veracruz","tag-pt","tag-reforma-electoral","tag-veracruz","wp-image-borders"],"amp_enabled":true,"_links":{"self":[{"href":"https:\/\/nvnoticias.mx\/index.php\/wp-json\/wp\/v2\/posts\/85557","targetHints":{"allow":["GET"]}}],"collection":[{"href":"https:\/\/nvnoticias.mx\/index.php\/wp-json\/wp\/v2\/posts"}],"about":[{"href":"https:\/\/nvnoticias.mx\/index.php\/wp-json\/wp\/v2\/types\/post"}],"author":[{"embeddable":true,"href":"https:\/\/nvnoticias.mx\/index.php\/wp-json\/wp\/v2\/users\/8"}],"replies":[{"embeddable":true,"href":"https:\/\/nvnoticias.mx\/index.php\/wp-json\/wp\/v2\/comments?post=85557"}],"version-history":[{"count":1,"href":"https:\/\/nvnoticias.mx\/index.php\/wp-json\/wp\/v2\/posts\/85557\/revisions"}],"predecessor-version":[{"id":85562,"href":"https:\/\/nvnoticias.mx\/index.php\/wp-json\/wp\/v2\/posts\/85557\/revisions\/85562"}],"wp:featuredmedia":[{"embeddable":true,"href":"https:\/\/nvnoticias.mx\/index.php\/wp-json\/wp\/v2\/media\/85560"}],"wp:attachment":[{"href":"https:\/\/nvnoticias.mx\/index.php\/wp-json\/wp\/v2\/media?parent=85557"}],"wp:term":[{"taxonomy":"category","embeddable":true,"href":"https:\/\/nvnoticias.mx\/index.php\/wp-json\/wp\/v2\/categories?post=85557"},{"taxonomy":"post_tag","embeddable":true,"href":"https:\/\/nvnoticias.mx\/index.php\/wp-json\/wp\/v2\/tags?post=85557"}],"curies":[{"name":"wp","href":"https:\/\/api.w.org\/{rel}","templated":true}]}}