{"id":85530,"date":"2022-12-07T10:51:03","date_gmt":"2022-12-07T16:51:03","guid":{"rendered":"https:\/\/nvnoticias.mx\/?p=85530"},"modified":"2022-12-07T10:51:05","modified_gmt":"2022-12-07T16:51:05","slug":"se-manifiestan-en-la-escuela-tablajeros-1-para-exhibir-aprehension-de-maestro","status":"publish","type":"post","link":"https:\/\/nvnoticias.mx\/index.php\/2022\/12\/07\/se-manifiestan-en-la-escuela-tablajeros-1-para-exhibir-aprehension-de-maestro\/","title":{"rendered":"Se manifiestan en la escuela Tablajeros 1, para exhibir aprehensi\u00f3n de maestro"},"content":{"rendered":"\n<p><strong>Jes\u00fas Utrilla | NV Noticias<\/strong><\/p>\n\n\n\n<p>Padres y madres de familia de la escuela Tablajeros 1, ubicada en el Fraccionamiento Los Pinos, se manifestaron para exigir la aprehensi\u00f3n de Israel N, maestro acusado de abuso sexual.<\/p>\n\n\n\n<p>Tambi\u00e9n exhortaron a los padres de otras v\u00edctimas a denunciar ante la Fiscal\u00eda, pues de cinco casos solo cuatro se animaron a acudir a la autoridad.<\/p>\n\n\n\n<p>Las mam\u00e1s afirmaron que cuentan con pruebas psicol\u00f3gicas para demostrar que el maestro presuntamente s\u00ed toc\u00f3 indebidamente a los alumnos de primer grado.<\/p>\n\n\n\n<p>Explicaron que s\u00ed dieron de baja al maestro, pero temen porque se de a la fuga debido a que el proceso es largo y al momento no se ha girado ninguna orden de aprehensi\u00f3n en su contra.<\/p>\n\n\n\n<blockquote class=\"wp-block-quote is-layout-flow wp-block-quote-is-layout-flow\"><p>\u201cAhorita estamos exigiendo la detenci\u00f3n del maestro, que ya no ando en la calle, que ya no vuelva a tocar ni\u00f1os\u201d.<\/p><\/blockquote>\n\n\n\n<p>Decidieron manifestarse para exigir que se agilice el proceso y detengan al presunto agresor.<br>El profesor ten\u00eda tres a\u00f1os dando clases en dicha escuela, sin embargo, dos fueron virtuales debido a la pandemia.<\/p>\n\n\n\n<p>Representantes del plantel afirmaron que desde el primer d\u00eda del reporte de las mam\u00e1s se le di\u00f3 de baja .<\/p>\n\n\n\n<p>El director se\u00f1al\u00f3 que el reporte se turn\u00f3 a la Secretar\u00eda de Educaci\u00f3n de Veracruz.<\/p>\n","protected":false},"excerpt":{"rendered":"<p>Jes\u00fas Utrilla | NV Noticias Padres y madres de familia de la escuela Tablajeros 1, ubicada en el Fraccionamiento Los Pinos, se manifestaron para exigir la aprehensi\u00f3n de Israel N, maestro acusado de abuso sexual. Tambi\u00e9n exhortaron a los padres de otras v\u00edctimas a denunciar ante la Fiscal\u00eda, pues de cinco casos solo cuatro se [&hellip;]<\/p>\n","protected":false},"author":35,"featured_media":85531,"comment_status":"open","ping_status":"open","sticky":false,"template":"","format":"standard","meta":{"_monsterinsights_skip_tracking":false,"_monsterinsights_sitenote_active":false,"_monsterinsights_sitenote_note":"","_monsterinsights_sitenote_category":0,"footnotes":""},"categories":[154],"tags":[3837,3579,19082,10343,19379,21632],"class_list":["post-85530","post","type-post","status-publish","format-standard","has-post-thumbnail","hentry","category-veracruz","tag-aprehension","tag-escuela","tag-exhibir","tag-maestro","tag-se-manifiestan","tag-tablajeros-1","wp-image-borders"],"amp_enabled":true,"_links":{"self":[{"href":"https:\/\/nvnoticias.mx\/index.php\/wp-json\/wp\/v2\/posts\/85530","targetHints":{"allow":["GET"]}}],"collection":[{"href":"https:\/\/nvnoticias.mx\/index.php\/wp-json\/wp\/v2\/posts"}],"about":[{"href":"https:\/\/nvnoticias.mx\/index.php\/wp-json\/wp\/v2\/types\/post"}],"author":[{"embeddable":true,"href":"https:\/\/nvnoticias.mx\/index.php\/wp-json\/wp\/v2\/users\/35"}],"replies":[{"embeddable":true,"href":"https:\/\/nvnoticias.mx\/index.php\/wp-json\/wp\/v2\/comments?post=85530"}],"version-history":[{"count":1,"href":"https:\/\/nvnoticias.mx\/index.php\/wp-json\/wp\/v2\/posts\/85530\/revisions"}],"predecessor-version":[{"id":85532,"href":"https:\/\/nvnoticias.mx\/index.php\/wp-json\/wp\/v2\/posts\/85530\/revisions\/85532"}],"wp:featuredmedia":[{"embeddable":true,"href":"https:\/\/nvnoticias.mx\/index.php\/wp-json\/wp\/v2\/media\/85531"}],"wp:attachment":[{"href":"https:\/\/nvnoticias.mx\/index.php\/wp-json\/wp\/v2\/media?parent=85530"}],"wp:term":[{"taxonomy":"category","embeddable":true,"href":"https:\/\/nvnoticias.mx\/index.php\/wp-json\/wp\/v2\/categories?post=85530"},{"taxonomy":"post_tag","embeddable":true,"href":"https:\/\/nvnoticias.mx\/index.php\/wp-json\/wp\/v2\/tags?post=85530"}],"curies":[{"name":"wp","href":"https:\/\/api.w.org\/{rel}","templated":true}]}}