{"id":85523,"date":"2022-12-07T09:36:38","date_gmt":"2022-12-07T15:36:38","guid":{"rendered":"https:\/\/nvnoticias.mx\/?p=85523"},"modified":"2022-12-07T09:36:40","modified_gmt":"2022-12-07T15:36:40","slug":"nombra-revista-time-a-volodimir-zelenski-persona-del-ano-2022","status":"publish","type":"post","link":"https:\/\/nvnoticias.mx\/index.php\/2022\/12\/07\/nombra-revista-time-a-volodimir-zelenski-persona-del-ano-2022\/","title":{"rendered":"Nombra revista &#8216;Time&#8217; a Volod\u00edmir Zelenski &#8216;Persona del A\u00f1o 2022&#8217;"},"content":{"rendered":"\n<p>La&nbsp;revista Time<strong>&nbsp;nombr\u00f3 &#8220;Persona del A\u00f1o 2022&#8221;<\/strong>&nbsp;al presidente de Ucrania,&nbsp;Volodimir Zelenski, as\u00ed como &#8220;al esp\u00edritu&#8221; de su pa\u00eds, por la resistencia que han mostrado durante los \u00faltimos 10 meses ante la invasi\u00f3n rusa.<\/p>\n\n\n\n<p>Edward Felsenthal, editor de Time, dijo que la decisi\u00f3n de este a\u00f1o &#8220;nunca hab\u00eda estado tan clara&#8221;, pues &#8220;ya sea que la batalla por Ucrania llene a uno de esperanza o de temor, Volodimir Zelenski&nbsp;<strong>ha galvanizado al mundo de una manera que no hab\u00edamos visto en d\u00e9cadas<\/strong>&#8220;.<\/p>\n\n\n\n<p>&#8220;Por demostrar que el valor puede ser tan contagioso como el miedo, por inspirar a pueblos y naciones a unirse en defensa de la libertad, por recordar al mundo la fragilidad de la democracia -y de la paz-, Volodimir Zelenski y el esp\u00edritu de Ucrania son la Persona del A\u00f1o 2022 de TIME&#8221;, a\u00f1adi\u00f3 la revista neoyorquina.<\/p>\n\n\n\n<p>La revista reconoci\u00f3 el valor de Zelenski y su gabinete al no huir de su pa\u00eds, tras el comienzo de los bombardeos por parte de Rusia.&nbsp;<\/p>\n\n\n\n<blockquote class=\"wp-block-quote is-layout-flow wp-block-quote-is-layout-flow\"><p>&#8220;En las semanas posteriores al inicio de los bombardeos rusos, el 24 de febrero, su decisi\u00f3n de no huir de Kiev, sino de quedarse y recabar apoyos, fue crucial. Desde su primera publicaci\u00f3n de 40 segundos en Instagram el 25 de febrero, en la que mostraba que su gabinete y la sociedad civil estaban intactos y en su sitio, hasta los discursos diarios pronunciados a distancia ante instituciones como parlamentos, el Banco Mundial y los premios Grammy, el presidente de Ucrania estaba en todas partes&#8221;, explic\u00f3 el editor de Time.<\/p><\/blockquote>\n\n\n\n<p>En 2021, el distinguido fue el empresario multimillonario Elon Musk, jefe de SpaceX y Tesla, y que este a\u00f1o compr\u00f3 Twitter.<\/p>\n\n\n\n<p>Fuente: <a href=\"https:\/\/www.milenio.com\/internacional\/volodimir-zelenski-nombrado-persona-del-ano-2022-revista-time\" data-type=\"URL\" data-id=\"https:\/\/www.milenio.com\/internacional\/volodimir-zelenski-nombrado-persona-del-ano-2022-revista-time\">Milenio<\/a><\/p>\n","protected":false},"excerpt":{"rendered":"<p>La&nbsp;revista Time&nbsp;nombr\u00f3 &#8220;Persona del A\u00f1o 2022&#8221;&nbsp;al presidente de Ucrania,&nbsp;Volodimir Zelenski, as\u00ed como &#8220;al esp\u00edritu&#8221; de su pa\u00eds, por la resistencia que han mostrado durante los \u00faltimos 10 meses ante la invasi\u00f3n rusa. Edward Felsenthal, editor de Time, dijo que la decisi\u00f3n de este a\u00f1o &#8220;nunca hab\u00eda estado tan clara&#8221;, pues &#8220;ya sea que la batalla [&hellip;]<\/p>\n","protected":false},"author":35,"featured_media":40662,"comment_status":"open","ping_status":"open","sticky":false,"template":"","format":"standard","meta":{"_monsterinsights_skip_tracking":false,"_monsterinsights_sitenote_active":false,"_monsterinsights_sitenote_note":"","_monsterinsights_sitenote_category":0,"footnotes":""},"categories":[181],"tags":[14026,21631,16493,6227,10272],"class_list":["post-85523","post","type-post","status-publish","format-standard","has-post-thumbnail","hentry","category-internacional","tag-nombra","tag-persona-del-ano-2022","tag-revista","tag-time","tag-volodimir-zelenski","wp-image-borders"],"amp_enabled":true,"_links":{"self":[{"href":"https:\/\/nvnoticias.mx\/index.php\/wp-json\/wp\/v2\/posts\/85523","targetHints":{"allow":["GET"]}}],"collection":[{"href":"https:\/\/nvnoticias.mx\/index.php\/wp-json\/wp\/v2\/posts"}],"about":[{"href":"https:\/\/nvnoticias.mx\/index.php\/wp-json\/wp\/v2\/types\/post"}],"author":[{"embeddable":true,"href":"https:\/\/nvnoticias.mx\/index.php\/wp-json\/wp\/v2\/users\/35"}],"replies":[{"embeddable":true,"href":"https:\/\/nvnoticias.mx\/index.php\/wp-json\/wp\/v2\/comments?post=85523"}],"version-history":[{"count":6,"href":"https:\/\/nvnoticias.mx\/index.php\/wp-json\/wp\/v2\/posts\/85523\/revisions"}],"predecessor-version":[{"id":85529,"href":"https:\/\/nvnoticias.mx\/index.php\/wp-json\/wp\/v2\/posts\/85523\/revisions\/85529"}],"wp:featuredmedia":[{"embeddable":true,"href":"https:\/\/nvnoticias.mx\/index.php\/wp-json\/wp\/v2\/media\/40662"}],"wp:attachment":[{"href":"https:\/\/nvnoticias.mx\/index.php\/wp-json\/wp\/v2\/media?parent=85523"}],"wp:term":[{"taxonomy":"category","embeddable":true,"href":"https:\/\/nvnoticias.mx\/index.php\/wp-json\/wp\/v2\/categories?post=85523"},{"taxonomy":"post_tag","embeddable":true,"href":"https:\/\/nvnoticias.mx\/index.php\/wp-json\/wp\/v2\/tags?post=85523"}],"curies":[{"name":"wp","href":"https:\/\/api.w.org\/{rel}","templated":true}]}}