{"id":8548,"date":"2021-03-22T12:26:53","date_gmt":"2021-03-22T18:26:53","guid":{"rendered":"https:\/\/nvnoticias.mx\/?p=8548"},"modified":"2021-03-22T12:26:55","modified_gmt":"2021-03-22T18:26:55","slug":"agrupaciones-piden-que-antimonumenta-no-sea-retirado","status":"publish","type":"post","link":"https:\/\/nvnoticias.mx\/index.php\/2021\/03\/22\/agrupaciones-piden-que-antimonumenta-no-sea-retirado\/","title":{"rendered":"Se suman m\u00e1s agrupaciones a que Antimonumenta no sea retirado"},"content":{"rendered":"\n<p><strong>Jes\u00fas Utrilla \/ NV Noticias<\/strong><\/p>\n\n\n\n<p>Veracruz.- El Movimiento Amplio de Mujeres lanz\u00f3 un llamado al alcalde de Veracruz, Fernando Yunes M\u00e1rquez, para que permita que el monumento feminista permanezca en Plaza de la Soberan\u00eda.<\/p>\n\n\n\n<p>Ana Irene Muro Lagunes, integrante de la agrupaci\u00f3n, lament\u00f3 que otro grupo de mujeres se reuniera con las autoridades municipales para pedir el retiro inmediato del monumento.<\/p>\n\n\n\n<p>Inform\u00f3 que el Movimiento Amplio de Mujeres gir\u00f3 un escrito a la Presidencia Municipal en que solicitan la permanencia de la estructura.<\/p>\n\n\n\n<blockquote class=\"wp-block-quote is-layout-flow wp-block-quote-is-layout-flow\"><p>\u201cLo pusieron para honrar y conmemorar a las v\u00edctimas que ha habido en todo Veracruz, entre mujeres y ni\u00f1as, de la violencia mis\u00f3gina y delincuencial. Pero tambi\u00e9n de la falta de atenci\u00f3n de las autoridades para poder detener esta violencia, de su desinter\u00e9s\u201d.<\/p><\/blockquote>\n\n\n\n<p>Record\u00f3 que el monumento expresa el reclamo social a las autoridades por la violencia contra las mujeres.<\/p>\n\n\n\n<p>A su parecer Plaza de la Soberan\u00eda se convirti\u00f3 en un punto clave para las protestas de los distintos sectores y constituye el sitio id\u00f3neo para mantener la estructura.<\/p>\n\n\n\n<p>Cabe recordar que grupos feministas y el alcalde de Veracruz acordaron llevar a cabo una nueva reuni\u00f3n para definir la ubicaci\u00f3n final del denominado \u201cAntimonumenta\u201d.<\/p>\n","protected":false},"excerpt":{"rendered":"<p>Jes\u00fas Utrilla \/ NV Noticias Veracruz.- El Movimiento Amplio de Mujeres lanz\u00f3 un llamado al alcalde de Veracruz, Fernando Yunes M\u00e1rquez, para que permita que el monumento feminista permanezca en Plaza de la Soberan\u00eda. Ana Irene Muro Lagunes, integrante de la agrupaci\u00f3n, lament\u00f3 que otro grupo de mujeres se reuniera con las autoridades municipales para [&hellip;]<\/p>\n","protected":false},"author":6,"featured_media":8549,"comment_status":"open","ping_status":"open","sticky":false,"template":"","format":"standard","meta":{"_monsterinsights_skip_tracking":false,"_monsterinsights_sitenote_active":false,"_monsterinsights_sitenote_note":"","_monsterinsights_sitenote_category":0,"footnotes":""},"categories":[154],"tags":[2178,573,180],"class_list":["post-8548","post","type-post","status-publish","format-standard","has-post-thumbnail","hentry","category-veracruz","tag-antimonumento","tag-mujeres","tag-veracruz","wp-image-borders"],"amp_enabled":true,"_links":{"self":[{"href":"https:\/\/nvnoticias.mx\/index.php\/wp-json\/wp\/v2\/posts\/8548","targetHints":{"allow":["GET"]}}],"collection":[{"href":"https:\/\/nvnoticias.mx\/index.php\/wp-json\/wp\/v2\/posts"}],"about":[{"href":"https:\/\/nvnoticias.mx\/index.php\/wp-json\/wp\/v2\/types\/post"}],"author":[{"embeddable":true,"href":"https:\/\/nvnoticias.mx\/index.php\/wp-json\/wp\/v2\/users\/6"}],"replies":[{"embeddable":true,"href":"https:\/\/nvnoticias.mx\/index.php\/wp-json\/wp\/v2\/comments?post=8548"}],"version-history":[{"count":1,"href":"https:\/\/nvnoticias.mx\/index.php\/wp-json\/wp\/v2\/posts\/8548\/revisions"}],"predecessor-version":[{"id":8550,"href":"https:\/\/nvnoticias.mx\/index.php\/wp-json\/wp\/v2\/posts\/8548\/revisions\/8550"}],"wp:featuredmedia":[{"embeddable":true,"href":"https:\/\/nvnoticias.mx\/index.php\/wp-json\/wp\/v2\/media\/8549"}],"wp:attachment":[{"href":"https:\/\/nvnoticias.mx\/index.php\/wp-json\/wp\/v2\/media?parent=8548"}],"wp:term":[{"taxonomy":"category","embeddable":true,"href":"https:\/\/nvnoticias.mx\/index.php\/wp-json\/wp\/v2\/categories?post=8548"},{"taxonomy":"post_tag","embeddable":true,"href":"https:\/\/nvnoticias.mx\/index.php\/wp-json\/wp\/v2\/tags?post=8548"}],"curies":[{"name":"wp","href":"https:\/\/api.w.org\/{rel}","templated":true}]}}