{"id":8536,"date":"2021-03-22T12:05:27","date_gmt":"2021-03-22T18:05:27","guid":{"rendered":"https:\/\/nvnoticias.mx\/?p=8536"},"modified":"2021-03-22T12:05:29","modified_gmt":"2021-03-22T18:05:29","slug":"urgen-artistas-circenses-les-permitan-reactivar-su-actividad","status":"publish","type":"post","link":"https:\/\/nvnoticias.mx\/index.php\/2021\/03\/22\/urgen-artistas-circenses-les-permitan-reactivar-su-actividad\/","title":{"rendered":"Urgen artistas circenses les permitan reactivar su actividad"},"content":{"rendered":"\n<p><strong>Jes\u00fas Utrilla \/ NV Noticias<\/strong><\/p>\n\n\n\n<p>Veracruz.- Los circos podr\u00edan desaparecer, pues llevan un a\u00f1o sin ofrecer espect\u00e1culos y los ahorros de las familias que dependen de las carpas se agotaron.<\/p>\n\n\n\n<p>Francisco Mendoza Tolentino, representante del Circo Cristiani, acus\u00f3 que las autoridades municipales no les otorgan permisos para trabajar y tuvieron que vender veh\u00edculos y herramientas de trabajo.<\/p>\n\n\n\n<blockquote class=\"wp-block-quote is-layout-flow wp-block-quote-is-layout-flow\"><p>\u201cEmpezamos desde el 13 de marzo y seguimos en las mismas. No nos quieren autorizar permisos aunque vemos que hay eventos masivos de bailes y a nosotros no nos dan permiso. \u00c9ramos 34 personas entre artistas, t\u00e9cnicos, familia, choferes y otros, los primeros meses los ahorros los usamos para solventar la comida del personal pero pasaron tres meses y tuvimos que comenzar a despedir gente\u201d.<\/p><\/blockquote>\n\n\n\n<p>El circo qued\u00f3 varado en Matacocuite, lugar donde se encontraban cuando comenz\u00f3 la pandemia en 2020.<\/p>\n\n\n\n<p>Los primeros tres meses solventaron gastos por medio de ahorros posteriormente usaron los carros para vender frutas y art\u00edculos varios.<\/p>\n\n\n\n<blockquote class=\"wp-block-quote is-layout-flow wp-block-quote-is-layout-flow\"><p>\u201cYa estamos en ceros, Comercio nos dice que no hay posibilidades. Que el 28 de este mes cambia el sem\u00e1foro y no saben si para bien o para mal y estamos desesperados\u201d.<\/p><\/blockquote>\n\n\n\n<p>Pidieron a las autoridades municipales de Veracruz que les otorguen por lo menos un permiso de tres d\u00edas para poder reactivar su espect\u00e1culo.<\/p>\n","protected":false},"excerpt":{"rendered":"<p>Jes\u00fas Utrilla \/ NV Noticias Veracruz.- Los circos podr\u00edan desaparecer, pues llevan un a\u00f1o sin ofrecer espect\u00e1culos y los ahorros de las familias que dependen de las carpas se agotaron. Francisco Mendoza Tolentino, representante del Circo Cristiani, acus\u00f3 que las autoridades municipales no les otorgan permisos para trabajar y tuvieron que vender veh\u00edculos y herramientas [&hellip;]<\/p>\n","protected":false},"author":6,"featured_media":8539,"comment_status":"open","ping_status":"open","sticky":false,"template":"","format":"standard","meta":{"_monsterinsights_skip_tracking":false,"_monsterinsights_sitenote_active":false,"_monsterinsights_sitenote_note":"","_monsterinsights_sitenote_category":0,"footnotes":""},"categories":[154],"tags":[2465,2464,2463,384],"class_list":["post-8536","post","type-post","status-publish","format-standard","has-post-thumbnail","hentry","category-veracruz","tag-actividad","tag-artistas","tag-circo","tag-economia","wp-image-borders"],"amp_enabled":true,"_links":{"self":[{"href":"https:\/\/nvnoticias.mx\/index.php\/wp-json\/wp\/v2\/posts\/8536","targetHints":{"allow":["GET"]}}],"collection":[{"href":"https:\/\/nvnoticias.mx\/index.php\/wp-json\/wp\/v2\/posts"}],"about":[{"href":"https:\/\/nvnoticias.mx\/index.php\/wp-json\/wp\/v2\/types\/post"}],"author":[{"embeddable":true,"href":"https:\/\/nvnoticias.mx\/index.php\/wp-json\/wp\/v2\/users\/6"}],"replies":[{"embeddable":true,"href":"https:\/\/nvnoticias.mx\/index.php\/wp-json\/wp\/v2\/comments?post=8536"}],"version-history":[{"count":1,"href":"https:\/\/nvnoticias.mx\/index.php\/wp-json\/wp\/v2\/posts\/8536\/revisions"}],"predecessor-version":[{"id":8537,"href":"https:\/\/nvnoticias.mx\/index.php\/wp-json\/wp\/v2\/posts\/8536\/revisions\/8537"}],"wp:featuredmedia":[{"embeddable":true,"href":"https:\/\/nvnoticias.mx\/index.php\/wp-json\/wp\/v2\/media\/8539"}],"wp:attachment":[{"href":"https:\/\/nvnoticias.mx\/index.php\/wp-json\/wp\/v2\/media?parent=8536"}],"wp:term":[{"taxonomy":"category","embeddable":true,"href":"https:\/\/nvnoticias.mx\/index.php\/wp-json\/wp\/v2\/categories?post=8536"},{"taxonomy":"post_tag","embeddable":true,"href":"https:\/\/nvnoticias.mx\/index.php\/wp-json\/wp\/v2\/tags?post=8536"}],"curies":[{"name":"wp","href":"https:\/\/api.w.org\/{rel}","templated":true}]}}