{"id":85353,"date":"2022-12-05T18:34:02","date_gmt":"2022-12-06T00:34:02","guid":{"rendered":"https:\/\/nvnoticias.mx\/?p=85353"},"modified":"2022-12-05T18:34:03","modified_gmt":"2022-12-06T00:34:03","slug":"veracruz-obtiene-medallas-en-selectivo-nacional-de-karate","status":"publish","type":"post","link":"https:\/\/nvnoticias.mx\/index.php\/2022\/12\/05\/veracruz-obtiene-medallas-en-selectivo-nacional-de-karate\/","title":{"rendered":"Veracruz obtiene medallas en Selectivo Nacional de Karate"},"content":{"rendered":"\n<p>Con dos medallas de plata, una en combate y otra m\u00e1s en kata por equipos, regres\u00f3 la delegaci\u00f3n de Veracruz que particip\u00f3 en el Campeonato Selectivo y Nacional de la Federaci\u00f3n Mexicana de Karate, el cual se realiz\u00f3 en la sede de Oaxtepec, Morelos.<\/p>\n\n\n\n<p>A esta competencia, Veracruz asisti\u00f3 con una delegaci\u00f3n de 24 deportistas, que buscaron un lugar al Campeonato Centroamericano y del Caribe de Karate, el cual se desarrollar\u00e1 en la Ciudad de M\u00e9xico en el mes de febrero del 2023.<\/p>\n\n\n\n<p>La medalla de plata en la modalidad de combate, fue conseguida por Xadani Mendoza P\u00e9rez, presea que fue en la divisi\u00f3n de m\u00e1s de 61 kilogramos. La deportista obtuvo tambi\u00e9n su pase al Centroamericano y del Caribe de Karate. En la final, la karateca veracruzana cay\u00f3 ante una rival de Yucat\u00e1n en la categor\u00eda Cadetes.<\/p>\n\n\n\n<p>Por su parte, en la categor\u00eda Junior Varonil, Veracruz logr\u00f3 medalla de plata con los karatecas Luis Eduardo Santiago Zavala, Jos\u00e9 Juan Zavala y Jorge Luis Rodr\u00edguez.<\/p>\n\n\n\n<p>Tambi\u00e9n asistieron tres entrenadores veracruzanos para evaluaci\u00f3n anual y poder tener su certificaci\u00f3n nacional. Adem\u00e1s, la presencia de siete jueces que obtuvieron su licencia nacional.<\/p>\n\n\n\n<p>Los karatecas son originarios de Tantoyuca, Poza Rica y Coatzintla, representando a la Asociaci\u00f3n de Dojos de Karate Do de Veracruz A.C. y a sus entrenadores Enrique Zavala, Martha Mercado y Janeth Zavala.<\/p>\n\n\n\n<p><\/p>\n","protected":false},"excerpt":{"rendered":"<p>Con dos medallas de plata, una en combate y otra m\u00e1s en kata por equipos, regres\u00f3 la delegaci\u00f3n de Veracruz que particip\u00f3 en el Campeonato Selectivo y Nacional de la Federaci\u00f3n Mexicana de Karate, el cual se realiz\u00f3 en la sede de Oaxtepec, Morelos. A esta competencia, Veracruz asisti\u00f3 con una delegaci\u00f3n de 24 deportistas, [&hellip;]<\/p>\n","protected":false},"author":8,"featured_media":85354,"comment_status":"open","ping_status":"open","sticky":false,"template":"","format":"standard","meta":{"_monsterinsights_skip_tracking":false,"_monsterinsights_sitenote_active":false,"_monsterinsights_sitenote_note":"","_monsterinsights_sitenote_category":0,"footnotes":""},"categories":[159],"tags":[16596,6483,21601,180],"class_list":["post-85353","post","type-post","status-publish","format-standard","has-post-thumbnail","hentry","category-deportes","tag-karate","tag-medallas","tag-selectivo-nacional","tag-veracruz","wp-image-borders"],"amp_enabled":true,"_links":{"self":[{"href":"https:\/\/nvnoticias.mx\/index.php\/wp-json\/wp\/v2\/posts\/85353","targetHints":{"allow":["GET"]}}],"collection":[{"href":"https:\/\/nvnoticias.mx\/index.php\/wp-json\/wp\/v2\/posts"}],"about":[{"href":"https:\/\/nvnoticias.mx\/index.php\/wp-json\/wp\/v2\/types\/post"}],"author":[{"embeddable":true,"href":"https:\/\/nvnoticias.mx\/index.php\/wp-json\/wp\/v2\/users\/8"}],"replies":[{"embeddable":true,"href":"https:\/\/nvnoticias.mx\/index.php\/wp-json\/wp\/v2\/comments?post=85353"}],"version-history":[{"count":1,"href":"https:\/\/nvnoticias.mx\/index.php\/wp-json\/wp\/v2\/posts\/85353\/revisions"}],"predecessor-version":[{"id":85355,"href":"https:\/\/nvnoticias.mx\/index.php\/wp-json\/wp\/v2\/posts\/85353\/revisions\/85355"}],"wp:featuredmedia":[{"embeddable":true,"href":"https:\/\/nvnoticias.mx\/index.php\/wp-json\/wp\/v2\/media\/85354"}],"wp:attachment":[{"href":"https:\/\/nvnoticias.mx\/index.php\/wp-json\/wp\/v2\/media?parent=85353"}],"wp:term":[{"taxonomy":"category","embeddable":true,"href":"https:\/\/nvnoticias.mx\/index.php\/wp-json\/wp\/v2\/categories?post=85353"},{"taxonomy":"post_tag","embeddable":true,"href":"https:\/\/nvnoticias.mx\/index.php\/wp-json\/wp\/v2\/tags?post=85353"}],"curies":[{"name":"wp","href":"https:\/\/api.w.org\/{rel}","templated":true}]}}