{"id":85309,"date":"2022-12-05T14:38:23","date_gmt":"2022-12-05T20:38:23","guid":{"rendered":"https:\/\/nvnoticias.mx\/?p=85309"},"modified":"2022-12-05T15:41:04","modified_gmt":"2022-12-05T21:41:04","slug":"victoria-n-y-gonzalo-n-son-senalados-de-tres-delitos-y-no-saldrian-de-prision","status":"publish","type":"post","link":"https:\/\/nvnoticias.mx\/index.php\/2022\/12\/05\/victoria-n-y-gonzalo-n-son-senalados-de-tres-delitos-y-no-saldrian-de-prision\/","title":{"rendered":"Ver\u00f3nica N y Gonzalo N son se\u00f1alados de tres delitos y no saldr\u00edan de prisi\u00f3n"},"content":{"rendered":"\n<p><strong>Jes\u00fas Utrilla \/ NV Noticias<\/strong><\/p>\n\n\n\n<p>Ver\u00f3nica N y Gonzalo N podr\u00edan alcanzar cadena perpetua por el crimen de Rosa Isela, se\u00f1al\u00f3 Vicente Octavio Pozos Mar\u00edn, presidente del Colegio del Foro de Licenciados, Especialistas, Maestros y Doctores en Derecho de Veracruz.<\/p>\n\n\n\n<p>Dijo que si son culpables pasar\u00e1n su vida en la c\u00e1rcel porque se les acusa de feminicidio, secuestro y sustracci\u00f3n del menor del vientre de Rosa Isela.<\/p>\n\n\n\n<blockquote class=\"wp-block-quote is-layout-flow wp-block-quote-is-layout-flow\"><p>\u201c<em>Hablamos de cadena perpetua. Recordemos que la m\u00e1xima son 40 a\u00f1os pero en el c\u00famulo de delitos se vuelven 60 o 70 a\u00f1os pero depende las condiciones de cada quien para vivirlos pero esa es la penalidad. Es un delito grav<\/em>e\u201d.&nbsp;<\/p><\/blockquote>\n\n\n\n<p>Una medida de defensa podr\u00eda ser la situaci\u00f3n psicol\u00f3gica de la mujer pero no volver\u00e1 a su casa.<\/p>\n\n\n\n<p>Cabe mencionar que Ver\u00f3nica N y Gonzalo N fueron trasladados a los juzgados de la colonia Vista Mar para iniciar su proceso legal, se trata de los presuntos feminicidas de Rosa Isela, a quien le extrajeron su beb\u00e9 y despu\u00e9s le quitaron la vida.<\/p>\n\n\n\n<blockquote class=\"wp-block-quote is-layout-flow wp-block-quote-is-layout-flow\"><p>\u201c<em>El dolo de buscar a alguien es una conducta delictiva. Ser\u00e1 a trav\u00e9s de la estrategia de la defensa ver esa situaci\u00f3n que le podr\u00eda favorecer pero si la lleva a cabo la podr\u00edan llevar a un centro psiqui\u00e1trico pero no alcanza prisi\u00f3n domiciliaria<\/em>\u201d.<\/p><\/blockquote>\n\n\n\n<p>La investigaci\u00f3n podr\u00eda durar tres o cuatro a\u00f1os pero los enviar\u00e1n a uno de los 16 centro de readaptaci\u00f3n social del estado.<\/p>\n","protected":false},"excerpt":{"rendered":"<p>Jes\u00fas Utrilla \/ NV Noticias Ver\u00f3nica N y Gonzalo N podr\u00edan alcanzar cadena perpetua por el crimen de Rosa Isela, se\u00f1al\u00f3 Vicente Octavio Pozos Mar\u00edn, presidente del Colegio del Foro de Licenciados, Especialistas, Maestros y Doctores en Derecho de Veracruz. Dijo que si son culpables pasar\u00e1n su vida en la c\u00e1rcel porque se les acusa [&hellip;]<\/p>\n","protected":false},"author":8,"featured_media":85310,"comment_status":"open","ping_status":"open","sticky":false,"template":"","format":"standard","meta":{"_monsterinsights_skip_tracking":false,"_monsterinsights_sitenote_active":false,"_monsterinsights_sitenote_note":"","_monsterinsights_sitenote_category":0,"footnotes":""},"categories":[154],"tags":[21596,162,21562,21595],"class_list":["post-85309","post","type-post","status-publish","format-standard","has-post-thumbnail","hentry","category-veracruz","tag-gonzalo-n","tag-portada","tag-rosa-isela","tag-victoria-n","wp-image-borders"],"amp_enabled":true,"_links":{"self":[{"href":"https:\/\/nvnoticias.mx\/index.php\/wp-json\/wp\/v2\/posts\/85309","targetHints":{"allow":["GET"]}}],"collection":[{"href":"https:\/\/nvnoticias.mx\/index.php\/wp-json\/wp\/v2\/posts"}],"about":[{"href":"https:\/\/nvnoticias.mx\/index.php\/wp-json\/wp\/v2\/types\/post"}],"author":[{"embeddable":true,"href":"https:\/\/nvnoticias.mx\/index.php\/wp-json\/wp\/v2\/users\/8"}],"replies":[{"embeddable":true,"href":"https:\/\/nvnoticias.mx\/index.php\/wp-json\/wp\/v2\/comments?post=85309"}],"version-history":[{"count":2,"href":"https:\/\/nvnoticias.mx\/index.php\/wp-json\/wp\/v2\/posts\/85309\/revisions"}],"predecessor-version":[{"id":85339,"href":"https:\/\/nvnoticias.mx\/index.php\/wp-json\/wp\/v2\/posts\/85309\/revisions\/85339"}],"wp:featuredmedia":[{"embeddable":true,"href":"https:\/\/nvnoticias.mx\/index.php\/wp-json\/wp\/v2\/media\/85310"}],"wp:attachment":[{"href":"https:\/\/nvnoticias.mx\/index.php\/wp-json\/wp\/v2\/media?parent=85309"}],"wp:term":[{"taxonomy":"category","embeddable":true,"href":"https:\/\/nvnoticias.mx\/index.php\/wp-json\/wp\/v2\/categories?post=85309"},{"taxonomy":"post_tag","embeddable":true,"href":"https:\/\/nvnoticias.mx\/index.php\/wp-json\/wp\/v2\/tags?post=85309"}],"curies":[{"name":"wp","href":"https:\/\/api.w.org\/{rel}","templated":true}]}}