{"id":85232,"date":"2022-12-05T10:36:00","date_gmt":"2022-12-05T16:36:00","guid":{"rendered":"https:\/\/nvnoticias.mx\/?p=85232"},"modified":"2022-12-05T10:36:02","modified_gmt":"2022-12-05T16:36:02","slug":"exploto-amlo-contra-el-ine-por-acusar-a-sheinbaum-de-campana-anticipada","status":"publish","type":"post","link":"https:\/\/nvnoticias.mx\/index.php\/2022\/12\/05\/exploto-amlo-contra-el-ine-por-acusar-a-sheinbaum-de-campana-anticipada\/","title":{"rendered":"Explot\u00f3 AMLO contra el INE por acusar a Sheinbaum de campa\u00f1a anticipada"},"content":{"rendered":"\n<p>El presidente<strong>&nbsp;Andr\u00e9s Manuel L\u00f3pez Obrador (AMLO)<\/strong>, acus\u00f3 al Instituto Nacional Electoral (<strong>INE<\/strong>) de actuar en contra de los art\u00edculos 6 y 7 constitucionales, tras ordenar a laJefa de Gobierno de la Ciudad de M\u00e9xico,&nbsp;<strong>Claudia Sheinbaum Pardo<\/strong>, deslindarse de la&nbsp;<strong>campa\u00f1a nacional en bardas que impulsa su candidatura para 2024.<\/strong><\/p>\n\n\n\n<p>Durante la conferencia de prensa emitida desde&nbsp;<strong>Campeche<\/strong>&nbsp;la ma\u00f1ana de este 05 de diciembre, el Jefe del Ejecutivo fue cuestionado sobre su opini\u00f3n respecto al llamado reciente del instituto, por lo que el mandatario aprovecho para arremer en contra el&nbsp;<strong>INE<\/strong>&nbsp;con un comentario ir\u00f3nico.<\/p>\n\n\n\n<blockquote class=\"wp-block-quote is-layout-flow wp-block-quote-is-layout-flow\"><p>\u201cEl INE no se toca, dicen los conservadores. Es una superestructura de poder, desde luego, de facto, porque de manera evidente, est\u00e1n violando la Constituci\u00f3n, el art\u00edculo sexto y s\u00e9ptimo\u201d, asever\u00f3.<\/p><\/blockquote>\n\n\n\n<p>En este sentido, el mandatario acus\u00f3 al INE de ser parte de \u201clos intocables de la mafia del poder\u201d, y reiter\u00f3 que las acciones representaban \u201cviolaciones flagrantes\u201d a la carta magna.<\/p>\n\n\n\n<blockquote class=\"wp-block-quote is-layout-flow wp-block-quote-is-layout-flow\"><p>\u201cLa manifestaci\u00f3n de las ideas no ser\u00e1 objeto de ninguna inquisici\u00f3n judicial o administrativa, sino en el caso de que ataque a la moral, la vida privada o los derechos de terceros, provoque alg\u00fan delito, o perturbe el orden p\u00fablico; (&#8230;)\u201d, se\u00f1ala el art\u00edculo sexto de la Constituci\u00f3n, mismo que fue le\u00eddo por L\u00f3pez Obrador durante la conferencia.<\/p><\/blockquote>\n\n\n\n<p>El mandatario tambi\u00e9n ley\u00f3 parte del art\u00edculo s\u00e9ptimo, con el cual retom\u00f3 la libertad de difundir opiniones:<\/p>\n\n\n\n<blockquote class=\"wp-block-quote is-layout-flow wp-block-quote-is-layout-flow\"><p>\u201cEs inviolable la libertad de difundir opiniones, informaci\u00f3n e ideas, a trav\u00e9s de cualquier medio. No se puede restringir este derecho por v\u00edas o medios indirectos, tales como el abuso de controles oficiales o particulares (&#8230;)\u201d, se se\u00f1ala en la Constituci\u00f3n.<\/p><\/blockquote>\n\n\n\n<p>En tanto, cabe recordar que fue el pasado 02 de diciembre el d\u00eda en que el&nbsp;<strong>INE<\/strong>&nbsp;orden\u00f3 detener la campa\u00f1a en bardas y lonas a favor de la posible<strong>&nbsp;candidata a la presindecia en 2024<\/strong>, Claudia Sehiembaum.<\/p>\n\n\n\n<p>En este sentido el instituto instruy\u00f3 a la actual Jefa de Gobierno capitalino a deslindarse de dichas acciones, las cuales representar\u00edan actos adelantados de precampa\u00f1a y campa\u00f1a por las bardas y lonas en las que se lee<em><strong>\u00a0\u201cEs Claudia\u201d<\/strong><\/em>, mismas que han sido vistas a lo largo de la Rep\u00fablica.<\/p>\n\n\n\n<p>Fuente: <a href=\"https:\/\/www.infobae.com\/america\/mexico\/2022\/12\/05\/amlo-exploto-contra-el-ine-por-acusar-a-sheinbaum-de-campana-anticipada-estan-violando-la-constitucion\/\" data-type=\"URL\" data-id=\"https:\/\/www.infobae.com\/america\/mexico\/2022\/12\/05\/amlo-exploto-contra-el-ine-por-acusar-a-sheinbaum-de-campana-anticipada-estan-violando-la-constitucion\/\">Infobae<\/a><\/p>\n","protected":false},"excerpt":{"rendered":"<p>El presidente&nbsp;Andr\u00e9s Manuel L\u00f3pez Obrador (AMLO), acus\u00f3 al Instituto Nacional Electoral (INE) de actuar en contra de los art\u00edculos 6 y 7 constitucionales, tras ordenar a laJefa de Gobierno de la Ciudad de M\u00e9xico,&nbsp;Claudia Sheinbaum Pardo, deslindarse de la&nbsp;campa\u00f1a nacional en bardas que impulsa su candidatura para 2024. Durante la conferencia de prensa emitida desde&nbsp;Campeche&nbsp;la [&hellip;]<\/p>\n","protected":false},"author":35,"featured_media":81655,"comment_status":"open","ping_status":"open","sticky":false,"template":"","format":"standard","meta":{"_monsterinsights_skip_tracking":false,"_monsterinsights_sitenote_active":false,"_monsterinsights_sitenote_note":"","_monsterinsights_sitenote_category":0,"footnotes":""},"categories":[158],"tags":[13693,188,21208,2600,2801,5459,21581,443,162],"class_list":["post-85232","post","type-post","status-publish","format-standard","has-post-thumbnail","hentry","category-politica","tag-acusar","tag-amlo","tag-anticipada","tag-campana","tag-claudia-sheinbaum","tag-contra","tag-exploto","tag-ine","tag-portada","wp-image-borders"],"amp_enabled":true,"_links":{"self":[{"href":"https:\/\/nvnoticias.mx\/index.php\/wp-json\/wp\/v2\/posts\/85232","targetHints":{"allow":["GET"]}}],"collection":[{"href":"https:\/\/nvnoticias.mx\/index.php\/wp-json\/wp\/v2\/posts"}],"about":[{"href":"https:\/\/nvnoticias.mx\/index.php\/wp-json\/wp\/v2\/types\/post"}],"author":[{"embeddable":true,"href":"https:\/\/nvnoticias.mx\/index.php\/wp-json\/wp\/v2\/users\/35"}],"replies":[{"embeddable":true,"href":"https:\/\/nvnoticias.mx\/index.php\/wp-json\/wp\/v2\/comments?post=85232"}],"version-history":[{"count":9,"href":"https:\/\/nvnoticias.mx\/index.php\/wp-json\/wp\/v2\/posts\/85232\/revisions"}],"predecessor-version":[{"id":85241,"href":"https:\/\/nvnoticias.mx\/index.php\/wp-json\/wp\/v2\/posts\/85232\/revisions\/85241"}],"wp:featuredmedia":[{"embeddable":true,"href":"https:\/\/nvnoticias.mx\/index.php\/wp-json\/wp\/v2\/media\/81655"}],"wp:attachment":[{"href":"https:\/\/nvnoticias.mx\/index.php\/wp-json\/wp\/v2\/media?parent=85232"}],"wp:term":[{"taxonomy":"category","embeddable":true,"href":"https:\/\/nvnoticias.mx\/index.php\/wp-json\/wp\/v2\/categories?post=85232"},{"taxonomy":"post_tag","embeddable":true,"href":"https:\/\/nvnoticias.mx\/index.php\/wp-json\/wp\/v2\/tags?post=85232"}],"curies":[{"name":"wp","href":"https:\/\/api.w.org\/{rel}","templated":true}]}}