{"id":85166,"date":"2022-12-04T12:47:46","date_gmt":"2022-12-04T18:47:46","guid":{"rendered":"https:\/\/nvnoticias.mx\/?p=85166"},"modified":"2022-12-04T12:47:47","modified_gmt":"2022-12-04T18:47:47","slug":"desde-2018-asesinan-a-mujeres-embarazadas-en-veracruz","status":"publish","type":"post","link":"https:\/\/nvnoticias.mx\/index.php\/2022\/12\/04\/desde-2018-asesinan-a-mujeres-embarazadas-en-veracruz\/","title":{"rendered":"Desde 2018 asesinan a mujeres embarazadas en Veracruz"},"content":{"rendered":"\n<p><strong>Jes\u00fas Utrilla | NV Noticias<\/strong><\/p>\n\n\n\n<p>Veracruz. \u2013&nbsp; El estado vive una violencia sistem\u00e1tica de g\u00e9nero y es necesario atender de inmediato el caso de Rosa Isela \u201cN\u201d, v\u00edctima de feminicidio.<\/p>\n\n\n\n<p>Mercedes \u00c1vila, integrante de la Articulaci\u00f3n de Defensores de Derechos Humanos y Periodistas del Estado de Veracruz, se\u00f1al\u00f3 todo indica a que el producto fue sustra\u00eddo en su asesinato pero adem\u00e1s hay otra situaci\u00f3n similar y las investigaciones deben realizarse con perspectiva de g\u00e9nero.<\/p>\n\n\n\n<p>Record\u00f3 que Veracruz es el \u00fanico estado con dos alertas de violencia de g\u00e9nero y desde 2019 se impulsa una m\u00e1s por desaparici\u00f3n forzada.<\/p>\n\n\n\n<blockquote class=\"wp-block-quote is-layout-flow wp-block-quote-is-layout-flow\"><p>\u201cQue implica una investigaci\u00f3n respetuosa de los derechos de los familiares de la v\u00edctima y justicia para las v\u00edctimas de feminicidio. Desde hace una d\u00e9cada Veracruz es v\u00edctima de delitos de violencia de g\u00e9nero y es el \u00fanico con dos alertas de g\u00e9nero\u201d.<\/p><\/blockquote>\n\n\n\n<p>Record\u00f3 que desde 2018 varias mujeres en estado de gestaci\u00f3n han sido encontradas sin vida.<\/p>\n\n\n\n<p>El rango de edad de las v\u00edctimas oscila entre los 17 y 23 a\u00f1os y fueron encontradas en varios municipios.<\/p>\n\n\n\n<blockquote class=\"wp-block-quote is-layout-flow wp-block-quote-is-layout-flow\"><p>\u201cEstos asesinatos se han llevado en extrema violencia y es importante decir que no solo es el feminicidio sino la trata de personas y delitos de alto impacto que afectan los derechos de las veracruzanas y el caso de Rosa Isela es evidencia de lo que se vive\u201d.<\/p><\/blockquote>\n\n\n\n<p>Exigieron justicia y que se erradique la violencia contra las mujeres.<\/p>\n","protected":false},"excerpt":{"rendered":"<p>Jes\u00fas Utrilla | NV Noticias Veracruz. \u2013&nbsp; El estado vive una violencia sistem\u00e1tica de g\u00e9nero y es necesario atender de inmediato el caso de Rosa Isela \u201cN\u201d, v\u00edctima de feminicidio. Mercedes \u00c1vila, integrante de la Articulaci\u00f3n de Defensores de Derechos Humanos y Periodistas del Estado de Veracruz, se\u00f1al\u00f3 todo indica a que el producto fue [&hellip;]<\/p>\n","protected":false},"author":6,"featured_media":85167,"comment_status":"open","ping_status":"open","sticky":false,"template":"","format":"standard","meta":{"_monsterinsights_skip_tracking":false,"_monsterinsights_sitenote_active":false,"_monsterinsights_sitenote_note":"","_monsterinsights_sitenote_category":0,"footnotes":""},"categories":[154],"tags":[3577,180],"class_list":["post-85166","post","type-post","status-publish","format-standard","has-post-thumbnail","hentry","category-veracruz","tag-mujeres-embarazadas","tag-veracruz","wp-image-borders"],"amp_enabled":true,"_links":{"self":[{"href":"https:\/\/nvnoticias.mx\/index.php\/wp-json\/wp\/v2\/posts\/85166","targetHints":{"allow":["GET"]}}],"collection":[{"href":"https:\/\/nvnoticias.mx\/index.php\/wp-json\/wp\/v2\/posts"}],"about":[{"href":"https:\/\/nvnoticias.mx\/index.php\/wp-json\/wp\/v2\/types\/post"}],"author":[{"embeddable":true,"href":"https:\/\/nvnoticias.mx\/index.php\/wp-json\/wp\/v2\/users\/6"}],"replies":[{"embeddable":true,"href":"https:\/\/nvnoticias.mx\/index.php\/wp-json\/wp\/v2\/comments?post=85166"}],"version-history":[{"count":1,"href":"https:\/\/nvnoticias.mx\/index.php\/wp-json\/wp\/v2\/posts\/85166\/revisions"}],"predecessor-version":[{"id":85168,"href":"https:\/\/nvnoticias.mx\/index.php\/wp-json\/wp\/v2\/posts\/85166\/revisions\/85168"}],"wp:featuredmedia":[{"embeddable":true,"href":"https:\/\/nvnoticias.mx\/index.php\/wp-json\/wp\/v2\/media\/85167"}],"wp:attachment":[{"href":"https:\/\/nvnoticias.mx\/index.php\/wp-json\/wp\/v2\/media?parent=85166"}],"wp:term":[{"taxonomy":"category","embeddable":true,"href":"https:\/\/nvnoticias.mx\/index.php\/wp-json\/wp\/v2\/categories?post=85166"},{"taxonomy":"post_tag","embeddable":true,"href":"https:\/\/nvnoticias.mx\/index.php\/wp-json\/wp\/v2\/tags?post=85166"}],"curies":[{"name":"wp","href":"https:\/\/api.w.org\/{rel}","templated":true}]}}