{"id":85122,"date":"2022-12-04T09:38:59","date_gmt":"2022-12-04T15:38:59","guid":{"rendered":"https:\/\/nvnoticias.mx\/?p=85122"},"modified":"2022-12-04T09:41:41","modified_gmt":"2022-12-04T15:41:41","slug":"familia-de-rosa-isela-senala-que-si-volvio-de-cita-con-la-mujer","status":"publish","type":"post","link":"https:\/\/nvnoticias.mx\/index.php\/2022\/12\/04\/familia-de-rosa-isela-senala-que-si-volvio-de-cita-con-la-mujer\/","title":{"rendered":"Familia de Rosa Isela se\u00f1ala que s\u00ed volvi\u00f3 de cita con la mujer que le dio ropa para beb\u00e9"},"content":{"rendered":"\n<p><strong>Jes\u00fas Utrilla |<\/strong> <strong>NV Noticias<\/strong>&nbsp;<\/p>\n\n\n\n<p>Veracruz. \u2013\u00a0\u00a0La Fiscal\u00eda General del Estado de Veracruz, inform\u00f3 sobre el hallazgo sin vida de la mujer embarazada y desaparecida, Rosa Isela.<\/p>\n\n\n\n<p>La joven de 20 a\u00f1os y con ocho meses de embarazo, fue reportada desaparecida el 30 de noviembre en el puerto de Veracruz.<\/p>\n\n\n\n<p>De acuerdo a la Fiscal\u00eda fue hallada sin vida este s\u00e1bado en el rancho &#8220;Los Arrieros&#8221; de la localidad Rancho del Padre, del municipio de Medell\u00edn de Bravo.<\/p>\n\n\n\n<p>Mara Lizbeth Castro V\u00e1zquez, hermana de Rosa Isela, confirm\u00f3 la noticia.<\/p>\n\n\n\n<p>Se\u00f1al\u00f3 que de acuerdo a las c\u00e1maras durante la ma\u00f1ana ella fue a encontrarse con una mujer a una farmacia, porque supuestamente le dar\u00eda ropa para su beb\u00e9.<\/p>\n\n\n\n<p>Afirm\u00f3 que de acuerdo a las c\u00e1maras, ella s\u00ed regres\u00f3 a su casa y volvi\u00f3 a salir al mediod\u00eda ya vestida con un short y una blusa y fue cuando ya no regres\u00f3.<\/p>\n\n\n\n<p>La Fiscal\u00eda General del Estado se\u00f1al\u00f3 que elementos de la Polic\u00eda Ministerial detuvieron a Gonzalo \u201cN\u201d y Ver\u00f3nica \u201cN\u201d como presuntos responsables del delito de desaparici\u00f3n cometida por particulares en agravio de la v\u00edctima Rosa Isela \u201cN\u201d.<\/p>\n\n\n\n<p>Al momento de su detenci\u00f3n ten\u00edan consigo a una menor reci\u00e9n nacida, la cual fue rescatada sana y salva y ya recibe atenci\u00f3n de las autoridades correspondientes.<\/p>\n\n\n\n<p>Como resultado de trabajos de investigaci\u00f3n se localiz\u00f3 el cuerpo sin vida de Rosa Isela \u201cN\u201d en el rancho \u201cLos Arrieros\u201d de la localidad Rancho del Padre, del municipio de Medell\u00edn de Bravo, quien ya fue reconocida por sus familiares.<\/p>\n","protected":false},"excerpt":{"rendered":"<p>Jes\u00fas Utrilla | NV Noticias&nbsp; Veracruz. \u2013\u00a0\u00a0La Fiscal\u00eda General del Estado de Veracruz, inform\u00f3 sobre el hallazgo sin vida de la mujer embarazada y desaparecida, Rosa Isela. La joven de 20 a\u00f1os y con ocho meses de embarazo, fue reportada desaparecida el 30 de noviembre en el puerto de Veracruz. De acuerdo a la Fiscal\u00eda [&hellip;]<\/p>\n","protected":false},"author":6,"featured_media":85124,"comment_status":"open","ping_status":"open","sticky":false,"template":"","format":"standard","meta":{"_monsterinsights_skip_tracking":false,"_monsterinsights_sitenote_active":false,"_monsterinsights_sitenote_note":"","_monsterinsights_sitenote_category":0,"footnotes":""},"categories":[154],"tags":[21562],"class_list":["post-85122","post","type-post","status-publish","format-standard","has-post-thumbnail","hentry","category-veracruz","tag-rosa-isela","wp-image-borders"],"amp_enabled":true,"_links":{"self":[{"href":"https:\/\/nvnoticias.mx\/index.php\/wp-json\/wp\/v2\/posts\/85122","targetHints":{"allow":["GET"]}}],"collection":[{"href":"https:\/\/nvnoticias.mx\/index.php\/wp-json\/wp\/v2\/posts"}],"about":[{"href":"https:\/\/nvnoticias.mx\/index.php\/wp-json\/wp\/v2\/types\/post"}],"author":[{"embeddable":true,"href":"https:\/\/nvnoticias.mx\/index.php\/wp-json\/wp\/v2\/users\/6"}],"replies":[{"embeddable":true,"href":"https:\/\/nvnoticias.mx\/index.php\/wp-json\/wp\/v2\/comments?post=85122"}],"version-history":[{"count":1,"href":"https:\/\/nvnoticias.mx\/index.php\/wp-json\/wp\/v2\/posts\/85122\/revisions"}],"predecessor-version":[{"id":85123,"href":"https:\/\/nvnoticias.mx\/index.php\/wp-json\/wp\/v2\/posts\/85122\/revisions\/85123"}],"wp:featuredmedia":[{"embeddable":true,"href":"https:\/\/nvnoticias.mx\/index.php\/wp-json\/wp\/v2\/media\/85124"}],"wp:attachment":[{"href":"https:\/\/nvnoticias.mx\/index.php\/wp-json\/wp\/v2\/media?parent=85122"}],"wp:term":[{"taxonomy":"category","embeddable":true,"href":"https:\/\/nvnoticias.mx\/index.php\/wp-json\/wp\/v2\/categories?post=85122"},{"taxonomy":"post_tag","embeddable":true,"href":"https:\/\/nvnoticias.mx\/index.php\/wp-json\/wp\/v2\/tags?post=85122"}],"curies":[{"name":"wp","href":"https:\/\/api.w.org\/{rel}","templated":true}]}}