{"id":85102,"date":"2022-12-03T17:51:31","date_gmt":"2022-12-03T23:51:31","guid":{"rendered":"https:\/\/nvnoticias.mx\/?p=85102"},"modified":"2022-12-03T18:31:28","modified_gmt":"2022-12-04T00:31:28","slug":"hallan-cuerpo-sin-vida-presuntamente-de-rosa-isela-joven-embarazada-desaparecida","status":"publish","type":"post","link":"https:\/\/nvnoticias.mx\/index.php\/2022\/12\/03\/hallan-cuerpo-sin-vida-presuntamente-de-rosa-isela-joven-embarazada-desaparecida\/","title":{"rendered":"Hallan cuerpo sin vida de Rosa Isela, joven embarazada desaparecida"},"content":{"rendered":"\n<p>Este s\u00e1bado se dio a conocer que autoridades realizaron el hallazgo del cuerpo sin vida de una mujer, el cual presuntamente corresponder\u00eda a Rosa Isela Castro V\u00e1zquez, quien est\u00e1 desaparecida desde el pasado 30 de noviembre.<\/p>\n\n\n\n<p>Durante la ma\u00f1ana de este s\u00e1bado autoridades de la Fiscal\u00eda estatal y personal de la Comisi\u00f3n estatal de b\u00fasqueda realizaron un operativo en una propiedad abandonada en la carretera Veracruz-C\u00f3rdoba.<\/p>\n\n\n\n<p>Familiares de Rosa Isela se encuentran en la torre pedi\u00e1trica ya que versiones extraoficiales les habr\u00edan avisado ah\u00ed se encuentra una beb\u00e9 con vida quien podr\u00eda ser la hija de Rosa Isela.<\/p>\n\n\n\n<p>La peque\u00f1a reci\u00e9n nacida habr\u00eda ingresado a la torre pedi\u00e1trica las primeras horas de la ma\u00f1ana de este s\u00e1bado. Se ve involucrada la pareja de la v\u00edctima<\/p>\n\n\n\n<p>Sin embargo, las autoridades a\u00fan no han emitido informaci\u00f3n respecto al caso y el cuerpo no ha sido identificado oficialmente.<\/p>\n\n\n\n<p>Rosa Isela Castro V\u00e1zquez, de 20 a\u00f1os, quien presentaba un embarazo de 8 meses fue reportada como desaparecida tras haber sido contactada por una persona en Facebook, con la que agend\u00f3 una cita en la que supuestamente le donar\u00eda ropa para su beb\u00e9.<\/p>\n\n\n\n<p><\/p>\n","protected":false},"excerpt":{"rendered":"<p>Este s\u00e1bado se dio a conocer que autoridades realizaron el hallazgo del cuerpo sin vida de una mujer, el cual presuntamente corresponder\u00eda a Rosa Isela Castro V\u00e1zquez, quien est\u00e1 desaparecida desde el pasado 30 de noviembre. Durante la ma\u00f1ana de este s\u00e1bado autoridades de la Fiscal\u00eda estatal y personal de la Comisi\u00f3n estatal de b\u00fasqueda [&hellip;]<\/p>\n","protected":false},"author":8,"featured_media":85103,"comment_status":"open","ping_status":"open","sticky":false,"template":"","format":"standard","meta":{"_monsterinsights_skip_tracking":false,"_monsterinsights_sitenote_active":false,"_monsterinsights_sitenote_note":"","_monsterinsights_sitenote_category":0,"footnotes":""},"categories":[154],"tags":[21563,162,21562],"class_list":["post-85102","post","type-post","status-publish","format-standard","has-post-thumbnail","hentry","category-veracruz","tag-joven-embarazada","tag-portada","tag-rosa-isela","wp-image-borders"],"amp_enabled":true,"_links":{"self":[{"href":"https:\/\/nvnoticias.mx\/index.php\/wp-json\/wp\/v2\/posts\/85102","targetHints":{"allow":["GET"]}}],"collection":[{"href":"https:\/\/nvnoticias.mx\/index.php\/wp-json\/wp\/v2\/posts"}],"about":[{"href":"https:\/\/nvnoticias.mx\/index.php\/wp-json\/wp\/v2\/types\/post"}],"author":[{"embeddable":true,"href":"https:\/\/nvnoticias.mx\/index.php\/wp-json\/wp\/v2\/users\/8"}],"replies":[{"embeddable":true,"href":"https:\/\/nvnoticias.mx\/index.php\/wp-json\/wp\/v2\/comments?post=85102"}],"version-history":[{"count":4,"href":"https:\/\/nvnoticias.mx\/index.php\/wp-json\/wp\/v2\/posts\/85102\/revisions"}],"predecessor-version":[{"id":85114,"href":"https:\/\/nvnoticias.mx\/index.php\/wp-json\/wp\/v2\/posts\/85102\/revisions\/85114"}],"wp:featuredmedia":[{"embeddable":true,"href":"https:\/\/nvnoticias.mx\/index.php\/wp-json\/wp\/v2\/media\/85103"}],"wp:attachment":[{"href":"https:\/\/nvnoticias.mx\/index.php\/wp-json\/wp\/v2\/media?parent=85102"}],"wp:term":[{"taxonomy":"category","embeddable":true,"href":"https:\/\/nvnoticias.mx\/index.php\/wp-json\/wp\/v2\/categories?post=85102"},{"taxonomy":"post_tag","embeddable":true,"href":"https:\/\/nvnoticias.mx\/index.php\/wp-json\/wp\/v2\/tags?post=85102"}],"curies":[{"name":"wp","href":"https:\/\/api.w.org\/{rel}","templated":true}]}}