{"id":84961,"date":"2022-12-02T12:34:04","date_gmt":"2022-12-02T18:34:04","guid":{"rendered":"https:\/\/nvnoticias.mx\/?p=84961"},"modified":"2022-12-02T12:34:04","modified_gmt":"2022-12-02T18:34:04","slug":"en-jalacingo-persiste-el-desabasto-de-agua-acusan-a-caev-de-brindar-mal-servicio","status":"publish","type":"post","link":"https:\/\/nvnoticias.mx\/index.php\/2022\/12\/02\/en-jalacingo-persiste-el-desabasto-de-agua-acusan-a-caev-de-brindar-mal-servicio\/","title":{"rendered":"En Jalacingo persiste el desabasto de agua; acusan a CAEV de brindar mal servicio"},"content":{"rendered":"\n<p><strong>Jes\u00fas Utrilla \/ NV Noticias<\/strong><\/p>\n\n\n\n<p>Habitantes de Jalacingo se manifestaron en las inmediaciones del Museo Naval de Veracruz donde se realiz\u00f3 la \u201cma\u00f1anera\u201d del presidente Andr\u00e9s Manuel L\u00f3pez Obrador, para pedir que les arreglen la falta de desabasto de agua.<\/p>\n\n\n\n<p>Acusaron que la Comisi\u00f3n de Aguas del Estado de Veracruz (CAEV) brinda un mal servicio de agua a todo la zona. Adem\u00e1s desde hace tiempo se requieren obras de gua.<\/p>\n\n\n\n<blockquote class=\"wp-block-quote is-layout-flow wp-block-quote-is-layout-flow\"><p>\u201c<em>Es una obra que no se le entreg\u00f3 a la comunidad con el presidente municipal anterior y el presidente actual, es una obra de red de agua y un manantial como fue el compromiso de campa\u00f1a del actual Presidente municipal<\/em>\u201d.<\/p><\/blockquote>\n\n\n\n<p>La gente de Cuartel Cuarto pasa hasta 15 d\u00edas sin agua por lo que es necesario atender la problem\u00e1tica.<\/p>\n\n\n\n<blockquote class=\"wp-block-quote is-layout-flow wp-block-quote-is-layout-flow\"><p>\u201c<em>Tenemos que comprar pipas o cuando hay agua se va almacenando en tinacos. Pedimos la intervenci\u00f3n del presidente para llegue a un acuerdo con el municipio y se entregue la obra a la comunidad<\/em>\u201d.<\/p><\/blockquote>\n\n\n\n<p>Los quejosos solicitaron la intervenci\u00f3n del gobierno federal para resolver el desabasto de agua en sus localidades.<\/p>\n","protected":false},"excerpt":{"rendered":"<p>Jes\u00fas Utrilla \/ NV Noticias Habitantes de Jalacingo se manifestaron en las inmediaciones del Museo Naval de Veracruz donde se realiz\u00f3 la \u201cma\u00f1anera\u201d del presidente Andr\u00e9s Manuel L\u00f3pez Obrador, para pedir que les arreglen la falta de desabasto de agua. Acusaron que la Comisi\u00f3n de Aguas del Estado de Veracruz (CAEV) brinda un mal servicio [&hellip;]<\/p>\n","protected":false},"author":8,"featured_media":84962,"comment_status":"open","ping_status":"open","sticky":false,"template":"","format":"standard","meta":{"_monsterinsights_skip_tracking":false,"_monsterinsights_sitenote_active":false,"_monsterinsights_sitenote_note":"","_monsterinsights_sitenote_category":0,"footnotes":""},"categories":[154],"tags":[594,4517,1535,21535],"class_list":["post-84961","post","type-post","status-publish","format-standard","has-post-thumbnail","hentry","category-veracruz","tag-agua","tag-caev","tag-desabasto","tag-jalancingo","wp-image-borders"],"amp_enabled":true,"_links":{"self":[{"href":"https:\/\/nvnoticias.mx\/index.php\/wp-json\/wp\/v2\/posts\/84961","targetHints":{"allow":["GET"]}}],"collection":[{"href":"https:\/\/nvnoticias.mx\/index.php\/wp-json\/wp\/v2\/posts"}],"about":[{"href":"https:\/\/nvnoticias.mx\/index.php\/wp-json\/wp\/v2\/types\/post"}],"author":[{"embeddable":true,"href":"https:\/\/nvnoticias.mx\/index.php\/wp-json\/wp\/v2\/users\/8"}],"replies":[{"embeddable":true,"href":"https:\/\/nvnoticias.mx\/index.php\/wp-json\/wp\/v2\/comments?post=84961"}],"version-history":[{"count":1,"href":"https:\/\/nvnoticias.mx\/index.php\/wp-json\/wp\/v2\/posts\/84961\/revisions"}],"predecessor-version":[{"id":84964,"href":"https:\/\/nvnoticias.mx\/index.php\/wp-json\/wp\/v2\/posts\/84961\/revisions\/84964"}],"wp:featuredmedia":[{"embeddable":true,"href":"https:\/\/nvnoticias.mx\/index.php\/wp-json\/wp\/v2\/media\/84962"}],"wp:attachment":[{"href":"https:\/\/nvnoticias.mx\/index.php\/wp-json\/wp\/v2\/media?parent=84961"}],"wp:term":[{"taxonomy":"category","embeddable":true,"href":"https:\/\/nvnoticias.mx\/index.php\/wp-json\/wp\/v2\/categories?post=84961"},{"taxonomy":"post_tag","embeddable":true,"href":"https:\/\/nvnoticias.mx\/index.php\/wp-json\/wp\/v2\/tags?post=84961"}],"curies":[{"name":"wp","href":"https:\/\/api.w.org\/{rel}","templated":true}]}}