{"id":84921,"date":"2022-12-02T10:35:36","date_gmt":"2022-12-02T16:35:36","guid":{"rendered":"https:\/\/nvnoticias.mx\/?p=84921"},"modified":"2022-12-02T10:35:38","modified_gmt":"2022-12-02T16:35:38","slug":"cancelan-gran-premio-de-china-de-f1por-covid-por-cuarto-ano-consecutivo","status":"publish","type":"post","link":"https:\/\/nvnoticias.mx\/index.php\/2022\/12\/02\/cancelan-gran-premio-de-china-de-f1por-covid-por-cuarto-ano-consecutivo\/","title":{"rendered":"Cancelan Gran Premio de China de F1por covid por cuarto a\u00f1o consecutivo"},"content":{"rendered":"\n<p>&nbsp;El Gran Premio de China de F\u00f3rmula 1 se cancel\u00f3 el viernes por cuarto a\u00f1o consecutivo debido a las estrictas medidas locales para frenar la propagaci\u00f3n del Covid-19.<\/p>\n\n\n\n<p>La carrera de 2023 en Shangh\u00e1i hab\u00eda sido programada para el 16 de abril como la cuarta parada de un calendario r\u00e9cord de 24 grandes premios, pero la cancelaci\u00f3n no fue una sorpresa.<\/p>\n\n\n\n<blockquote class=\"wp-block-quote is-layout-flow wp-block-quote-is-layout-flow\"><p>\u201cLa F\u00f3rmula 1 puede confirmar, tras el di\u00e1logo con el promotor y las autoridades pertinentes, que el Gran Premio de China de 2023 no se llevar\u00e1 a cabo debido a las continuas dificultades presentadas por la situaci\u00f3n del Covid-19\u201d, dijo la F\u00f3rmula 1 en un comunicado.<\/p><\/blockquote>\n\n\n\n<blockquote class=\"wp-block-quote is-layout-flow wp-block-quote-is-layout-flow\"><p>\u201cLa F\u00f3rmula 1 est\u00e1 evaluando opciones alternativas para reemplazar la vacante en el calendario de 2023 y proporcionar\u00e1 una actualizaci\u00f3n sobre esto a su debido tiempo\u201d.<\/p><\/blockquote>\n\n\n\n<p>El campeonato de 2023 comenzar\u00e1 el 5 de marzo en Bar\u00e9in. El de China iba a ser el cuarto Gran Premio, tras los de Arabia Saud\u00ed y Australia.<\/p>\n\n\n\n<p>El GP de China forma parte del calendario de la F\u00f3rmula Uno desde 2004, pero entre 2020 y 2022 no se disput\u00f3 debido al covid.<\/p>\n\n\n\n<p>China contin\u00faa aplicando una severa pol\u00edtica de \u2018tolerancia cero\u2019 hacia el nuevo coronavirus y ha sufrido en los \u00faltimos meses oleadas de rebrotes atribuidas a la variante \u00f3micron que han provocado cifras r\u00e9cord de contagios no vistas desde el inicio de la pandemia, en la primera mitad de 2020.<\/p>\n\n\n\n<p>Desde el fin de semana pasado se han registrado protestas en varias ciudades del pa\u00eds por el agotamiento debido a las restricciones impuestas para tratar de contener los rebrotes<\/p>\n\n\n\n<p>La Comisi\u00f3n Nacional de Sanidad inform\u00f3 este viernes de 34,980 casos detectados en la v\u00edspera.<\/p>\n\n\n\n<p>Fuente: <a href=\"https:\/\/www.forbes.com.mx\/gran-premio-de-china-de-f1-es-cancelado-por-covid-por-cuarto-ano-consecutivo\/\" data-type=\"URL\" data-id=\"https:\/\/www.forbes.com.mx\/gran-premio-de-china-de-f1-es-cancelado-por-covid-por-cuarto-ano-consecutivo\/\">Forbes<\/a><\/p>\n","protected":false},"excerpt":{"rendered":"<p>&nbsp;El Gran Premio de China de F\u00f3rmula 1 se cancel\u00f3 el viernes por cuarto a\u00f1o consecutivo debido a las estrictas medidas locales para frenar la propagaci\u00f3n del Covid-19. La carrera de 2023 en Shangh\u00e1i hab\u00eda sido programada para el 16 de abril como la cuarta parada de un calendario r\u00e9cord de 24 grandes premios, pero [&hellip;]<\/p>\n","protected":false},"author":35,"featured_media":79551,"comment_status":"open","ping_status":"open","sticky":false,"template":"","format":"standard","meta":{"_monsterinsights_skip_tracking":false,"_monsterinsights_sitenote_active":false,"_monsterinsights_sitenote_note":"","_monsterinsights_sitenote_category":0,"footnotes":""},"categories":[159],"tags":[9105,358,3699,21529],"class_list":["post-84921","post","type-post","status-publish","format-standard","has-post-thumbnail","hentry","category-deportes","tag-consecutivo","tag-covid","tag-f1","tag-gp-de-china","wp-image-borders"],"amp_enabled":true,"_links":{"self":[{"href":"https:\/\/nvnoticias.mx\/index.php\/wp-json\/wp\/v2\/posts\/84921","targetHints":{"allow":["GET"]}}],"collection":[{"href":"https:\/\/nvnoticias.mx\/index.php\/wp-json\/wp\/v2\/posts"}],"about":[{"href":"https:\/\/nvnoticias.mx\/index.php\/wp-json\/wp\/v2\/types\/post"}],"author":[{"embeddable":true,"href":"https:\/\/nvnoticias.mx\/index.php\/wp-json\/wp\/v2\/users\/35"}],"replies":[{"embeddable":true,"href":"https:\/\/nvnoticias.mx\/index.php\/wp-json\/wp\/v2\/comments?post=84921"}],"version-history":[{"count":1,"href":"https:\/\/nvnoticias.mx\/index.php\/wp-json\/wp\/v2\/posts\/84921\/revisions"}],"predecessor-version":[{"id":84922,"href":"https:\/\/nvnoticias.mx\/index.php\/wp-json\/wp\/v2\/posts\/84921\/revisions\/84922"}],"wp:featuredmedia":[{"embeddable":true,"href":"https:\/\/nvnoticias.mx\/index.php\/wp-json\/wp\/v2\/media\/79551"}],"wp:attachment":[{"href":"https:\/\/nvnoticias.mx\/index.php\/wp-json\/wp\/v2\/media?parent=84921"}],"wp:term":[{"taxonomy":"category","embeddable":true,"href":"https:\/\/nvnoticias.mx\/index.php\/wp-json\/wp\/v2\/categories?post=84921"},{"taxonomy":"post_tag","embeddable":true,"href":"https:\/\/nvnoticias.mx\/index.php\/wp-json\/wp\/v2\/tags?post=84921"}],"curies":[{"name":"wp","href":"https:\/\/api.w.org\/{rel}","templated":true}]}}