{"id":84879,"date":"2022-12-01T16:23:49","date_gmt":"2022-12-01T22:23:49","guid":{"rendered":"https:\/\/nvnoticias.mx\/?p=84879"},"modified":"2022-12-01T16:23:50","modified_gmt":"2022-12-01T22:23:50","slug":"humanismo-mexicano","status":"publish","type":"post","link":"https:\/\/nvnoticias.mx\/index.php\/2022\/12\/01\/humanismo-mexicano\/","title":{"rendered":"\u00bfHumanismo mexicano?"},"content":{"rendered":"\n<p><strong>Juan Jos\u00e9 Rodr\u00edguez Prats<\/strong><\/p>\n\n\n\n<blockquote class=\"wp-block-quote is-layout-flow wp-block-quote-is-layout-flow\"><p><em>Un acontecimiento simb\u00f3lico puede cambiar la pol\u00edtica irreversiblemente<\/em>.<\/p><cite>Christopher Clark<\/cite><\/blockquote>\n\n\n\n<p>Decir que la pol\u00edtica es cultura me parece una perogrullada, es evidente por su naturaleza. Sin embargo, hay tiempos en que tenemos que repetir lo obvio porque, siendo tan elemental, muchos lo ignoran.<\/p>\n\n\n\n<p>La pol\u00edtica es administraci\u00f3n p\u00fablica, esto es, otorgamientos eficientes de servicios. La pol\u00edtica tambi\u00e9n es derecho, es decir, la organizaci\u00f3n de la sociedad para garantizar la convivencia arm\u00f3nica. Evidentemente, la pol\u00edtica no es discordia, tampoco confrontaci\u00f3n est\u00e9ril. Por eso se habla de antipol\u00edtica, politiquer\u00eda o demagogia. La violencia es el ant\u00f3nimo de la pol\u00edtica.<\/p>\n\n\n\n<p>\u201cMedir por todos los medios, medir y contar por todos los medios, contar, pero contemos y midamos las cosas que cuentan\u201d. Esta recomendaci\u00f3n que le\u00ed en alguna parte, me parece lo m\u00e1s pertinente para calificar nuestra situaci\u00f3n actual.<\/p>\n\n\n\n<p>Muchas novelas nos muestran lo que las personas sufren cuando hay malos gobiernos. Efectivamente, el Producto Interno Bruto, en su incremento o decremento, no es m\u00e1s que un dato. En contraste, lo que describen los literatos es m\u00e1s palpable y lo que lee uno hoy en d\u00eda es que los mexicanos estamos sufriendo. \u00c9se es un hecho que no puede ser soslayado.<\/p>\n\n\n\n<p>Prevalece un ambiente de malestar. Hay incertidumbre y miedo, combinaci\u00f3n explosiva. Lo peor que un gobernante puede hacer a su pueblo, salvo reprimirlo, es humillarlo. Eso estamos viviendo todos los d\u00edas y cada vez con m\u00e1s intensidad. \u00bfA d\u00f3nde vamos? Ren\u00e9 Delgado aconseja \u201cataviarse de negro en se\u00f1al de luto por la pol\u00edtica\u201d.<\/p>\n\n\n\n<p>El soci\u00f3logo franc\u00e9s Francois Simiand (1873-1935) introdujo el t\u00e9rmino \u201chistoria evenemencial\u201d, la cual define como una concepci\u00f3n simplificada, d\u00e1ndole relevancia a la simple filiaci\u00f3n y seriaci\u00f3n de los acontecimientos. Se refiere a los hechos que marcan, que tienen profunda repercusi\u00f3n por la atenci\u00f3n p\u00fablica que retienen y por los efectos que ocasionan en todo el entorno.<\/p>\n\n\n\n<p>Siguiendo estas ideas, dos eventos, creo yo, van a marcar el devenir pol\u00edtico de M\u00e9xico: la manifestaci\u00f3n ciudadana en defensa de instituciones y principios democr\u00e1ticos (13\/nov) y la contramarcha oficial (27\/nov). Jes\u00fas Reyes Heroles dir\u00eda que la primera corresponde a un M\u00e9xico que no acaba de nacer y la segunda a un M\u00e9xico que no acaba de morir.<\/p>\n\n\n\n<p>Hace m\u00e1s de un siglo, Jos\u00e9 Ortega y Gasset escribi\u00f3 un texto de asombrosa actualidad,&nbsp;Vieja y nueva pol\u00edtica,&nbsp;en el que dice: \u201cNo basta con que unas ideas pasen galopando por sus cabezas; es menester que socialmente se realicen y, para ello, que se pongan resueltamente a su servicio las energ\u00edas m\u00e1s decididas de anchos grupos sociales\u201d.<\/p>\n\n\n\n<p>L\u00f3pez Obrador ha degradado el discurso presidencial. Desgraciadamente lo arrastr\u00f3 una inercia que hace muchas d\u00e9cadas viene mermando nuestra capacidad para entendernos. A pesar de que ven\u00eda reflexionando sobre la definici\u00f3n de su proyecto, el domingo solt\u00f3 irresponsablemente lo que a mi parecer es una colosal ocurrencia.<\/p>\n\n\n\n<p>El humanismo es incompatible con el nacionalismo, su esencia es la universalidad. Los pensadores de todos los tiempos han insistido en que \u201cel hombre, adem\u00e1s de bienes y albedr\u00edo, es due\u00f1o del esp\u00edritu de sociabilidad que le induce a vivir en armon\u00eda con su pr\u00f3jimo\u201d. Un humanista, como se autodefine el Presidente, no humilla ni mucho menos denigra a quienes no coinciden con sus posicionamientos ideol\u00f3gicos. Respeto y tolerancia son sus virtudes primigenias. La esencia del humanismo es la reciprocidad, la posibilidad del consenso y del acuerdo.<\/p>\n\n\n\n<p>Hablar de un humanismo mexicano es un cl\u00e1sico ox\u00edmoron: la combinaci\u00f3n, en una misma estructura sint\u00e1ctica, dos palabras o expresiones de significado opuesto. Sembrar recelos y fragmentar a la sociedad ri\u00f1e con las tradiciones que pretenden darle racionalidad a la pol\u00edtica.<\/p>\n\n\n\n<p>S\u00ed, despu\u00e9s de los eventos mencionados se esclarecen las propuestas hacia el porvenir. Usted elija.<\/p>\n","protected":false},"excerpt":{"rendered":"<p>Juan Jos\u00e9 Rodr\u00edguez Prats Un acontecimiento simb\u00f3lico puede cambiar la pol\u00edtica irreversiblemente. Christopher Clark Decir que la pol\u00edtica es cultura me parece una perogrullada, es evidente por su naturaleza. Sin embargo, hay tiempos en que tenemos que repetir lo obvio porque, siendo tan elemental, muchos lo ignoran. La pol\u00edtica es administraci\u00f3n p\u00fablica, esto es, otorgamientos [&hellip;]<\/p>\n","protected":false},"author":17,"featured_media":84880,"comment_status":"open","ping_status":"open","sticky":false,"template":"","format":"standard","meta":{"_monsterinsights_skip_tracking":false,"_monsterinsights_sitenote_active":false,"_monsterinsights_sitenote_note":"","_monsterinsights_sitenote_category":0,"footnotes":""},"categories":[614],"tags":[397],"class_list":["post-84879","post","type-post","status-publish","format-standard","has-post-thumbnail","hentry","category-politica-de-principios","tag-juan-jose-rodriguez-prats-2","wp-image-borders"],"amp_enabled":true,"_links":{"self":[{"href":"https:\/\/nvnoticias.mx\/index.php\/wp-json\/wp\/v2\/posts\/84879","targetHints":{"allow":["GET"]}}],"collection":[{"href":"https:\/\/nvnoticias.mx\/index.php\/wp-json\/wp\/v2\/posts"}],"about":[{"href":"https:\/\/nvnoticias.mx\/index.php\/wp-json\/wp\/v2\/types\/post"}],"author":[{"embeddable":true,"href":"https:\/\/nvnoticias.mx\/index.php\/wp-json\/wp\/v2\/users\/17"}],"replies":[{"embeddable":true,"href":"https:\/\/nvnoticias.mx\/index.php\/wp-json\/wp\/v2\/comments?post=84879"}],"version-history":[{"count":1,"href":"https:\/\/nvnoticias.mx\/index.php\/wp-json\/wp\/v2\/posts\/84879\/revisions"}],"predecessor-version":[{"id":84881,"href":"https:\/\/nvnoticias.mx\/index.php\/wp-json\/wp\/v2\/posts\/84879\/revisions\/84881"}],"wp:featuredmedia":[{"embeddable":true,"href":"https:\/\/nvnoticias.mx\/index.php\/wp-json\/wp\/v2\/media\/84880"}],"wp:attachment":[{"href":"https:\/\/nvnoticias.mx\/index.php\/wp-json\/wp\/v2\/media?parent=84879"}],"wp:term":[{"taxonomy":"category","embeddable":true,"href":"https:\/\/nvnoticias.mx\/index.php\/wp-json\/wp\/v2\/categories?post=84879"},{"taxonomy":"post_tag","embeddable":true,"href":"https:\/\/nvnoticias.mx\/index.php\/wp-json\/wp\/v2\/tags?post=84879"}],"curies":[{"name":"wp","href":"https:\/\/api.w.org\/{rel}","templated":true}]}}