{"id":84711,"date":"2022-11-30T17:03:07","date_gmt":"2022-11-30T23:03:07","guid":{"rendered":"https:\/\/nvnoticias.mx\/?p=84711"},"modified":"2022-11-30T17:03:07","modified_gmt":"2022-11-30T23:03:07","slug":"permanencia-de-monreal-como-coordinador-en-senado-depende-de-amlo-eduardo-ramirez","status":"publish","type":"post","link":"https:\/\/nvnoticias.mx\/index.php\/2022\/11\/30\/permanencia-de-monreal-como-coordinador-en-senado-depende-de-amlo-eduardo-ramirez\/","title":{"rendered":"Permanencia de Monreal como coordinador en Senado depende de AMLO: Eduardo Ram\u00edrez"},"content":{"rendered":"\n<p>El ex presidente del Senado, Eduardo Ram\u00edrez, consider\u00f3 que la permanencia de Ricardo Monreal al frente de la coordinaci\u00f3n de Morena depende del presidente Andr\u00e9s Manuel L\u00f3pez Obrador, porque \u00e9l lo propuso para ese encargo. <\/p>\n\n\n\n<blockquote class=\"wp-block-quote is-layout-flow wp-block-quote-is-layout-flow\"><p>\u201c<em>Porque el nombramiento del coordinador fue a propuesta del Presidente de la Rep\u00fablica cuando nosotros \u00e9ramos senadores electos y \u00e9l presidente electo, nos llam\u00f3 a una reuni\u00f3n y ah\u00ed hizo dos solicitudes, una, que fue abrirle la posibilidad de desempe\u00f1arse como presidente de la Comisi\u00f3n de Relaciones Exteriores al senador H\u00e9ctor Vasconcelos y la otra fue que (Monreal) fuera el coordinador del grupo parlamentario de Morena. Es una decisi\u00f3n del Presidente<\/em>\u201d, destac\u00f3. <\/p><\/blockquote>\n\n\n\n<p>En entrevista, el senador de Morena dijo que a pesar del distanciamiento con Monreal, ve se\u00f1ales positivas por parte del Ejecutivo, \u201cen el hecho de no abonar a una divisi\u00f3n, el Presidente ha tenido como una se\u00f1al, que desde mi punto de vista la capto como diciendo: yo no voy a destituir a nadie y que cada quien asuma su responsabilidad, es la lectura que yo le doy\u201d. <\/p>\n\n\n\n<p>El legislador descart\u00f3 que se vaya a presentar una desbandada de senadores afines a Monreal. <\/p>\n\n\n\n<p>El senador Ram\u00edrez mencion\u00f3 que en medio de sus posiciones, \u201cde lo que pensamos, somos un movimiento en el que tenemos diferentes posturas en algunos temas, pero tenemos en la coincidencia final, que es el proyecto de naci\u00f3n que encabeza el presidente Andr\u00e9s Manuel L\u00f3pez Obrador\u201d. <\/p>\n\n\n\n<p>Fuente: <a href=\"https:\/\/www.milenio.com\/politica\/eduardo-ramirez-monreal-coordinador-propuesta-amlo\">Milenio<\/a><\/p>\n","protected":false},"excerpt":{"rendered":"<p>El ex presidente del Senado, Eduardo Ram\u00edrez, consider\u00f3 que la permanencia de Ricardo Monreal al frente de la coordinaci\u00f3n de Morena depende del presidente Andr\u00e9s Manuel L\u00f3pez Obrador, porque \u00e9l lo propuso para ese encargo. \u201cPorque el nombramiento del coordinador fue a propuesta del Presidente de la Rep\u00fablica cuando nosotros \u00e9ramos senadores electos y \u00e9l [&hellip;]<\/p>\n","protected":false},"author":8,"featured_media":84712,"comment_status":"open","ping_status":"open","sticky":false,"template":"","format":"standard","meta":{"_monsterinsights_skip_tracking":false,"_monsterinsights_sitenote_active":false,"_monsterinsights_sitenote_note":"","_monsterinsights_sitenote_category":0,"footnotes":""},"categories":[158],"tags":[188,21490,600],"class_list":["post-84711","post","type-post","status-publish","format-standard","has-post-thumbnail","hentry","category-politica","tag-amlo","tag-eduardo-ramirez","tag-ricardo-monreal","wp-image-borders"],"amp_enabled":true,"_links":{"self":[{"href":"https:\/\/nvnoticias.mx\/index.php\/wp-json\/wp\/v2\/posts\/84711","targetHints":{"allow":["GET"]}}],"collection":[{"href":"https:\/\/nvnoticias.mx\/index.php\/wp-json\/wp\/v2\/posts"}],"about":[{"href":"https:\/\/nvnoticias.mx\/index.php\/wp-json\/wp\/v2\/types\/post"}],"author":[{"embeddable":true,"href":"https:\/\/nvnoticias.mx\/index.php\/wp-json\/wp\/v2\/users\/8"}],"replies":[{"embeddable":true,"href":"https:\/\/nvnoticias.mx\/index.php\/wp-json\/wp\/v2\/comments?post=84711"}],"version-history":[{"count":1,"href":"https:\/\/nvnoticias.mx\/index.php\/wp-json\/wp\/v2\/posts\/84711\/revisions"}],"predecessor-version":[{"id":84713,"href":"https:\/\/nvnoticias.mx\/index.php\/wp-json\/wp\/v2\/posts\/84711\/revisions\/84713"}],"wp:featuredmedia":[{"embeddable":true,"href":"https:\/\/nvnoticias.mx\/index.php\/wp-json\/wp\/v2\/media\/84712"}],"wp:attachment":[{"href":"https:\/\/nvnoticias.mx\/index.php\/wp-json\/wp\/v2\/media?parent=84711"}],"wp:term":[{"taxonomy":"category","embeddable":true,"href":"https:\/\/nvnoticias.mx\/index.php\/wp-json\/wp\/v2\/categories?post=84711"},{"taxonomy":"post_tag","embeddable":true,"href":"https:\/\/nvnoticias.mx\/index.php\/wp-json\/wp\/v2\/tags?post=84711"}],"curies":[{"name":"wp","href":"https:\/\/api.w.org\/{rel}","templated":true}]}}