{"id":84649,"date":"2022-11-30T13:57:42","date_gmt":"2022-11-30T19:57:42","guid":{"rendered":"https:\/\/nvnoticias.mx\/?p=84649"},"modified":"2022-11-30T13:57:42","modified_gmt":"2022-11-30T19:57:42","slug":"la-fortaleza-del-peso-hace-competitiva-a-la-economia-mexicana-marcelo-ebrard","status":"publish","type":"post","link":"https:\/\/nvnoticias.mx\/index.php\/2022\/11\/30\/la-fortaleza-del-peso-hace-competitiva-a-la-economia-mexicana-marcelo-ebrard\/","title":{"rendered":"La fortaleza del peso hace competitiva a la econom\u00eda mexicana: Marcelo Ebrard"},"content":{"rendered":"\n<p>Marcelo Ebrard Casaub\u00f3n, secretario de Relaciones Exteriores, pidi\u00f3 a la industria maquiladora de Baja California impulsar una estrategia para atraer m\u00e1s inversi\u00f3n extranjera directa, la cual sea apoyada por la fortaleza del peso y apostando a los mercados del futuro.<\/p>\n\n\n\n<blockquote class=\"wp-block-quote is-layout-flow wp-block-quote-is-layout-flow\"><p>\u201cM\u00e9xico es parte de un muy importante Tratado de Libre Comercio, posee una fortaleza en su moneda lo cual lo puede hacer competitivo. Nuestra tarea es que las altas expectativas se conviertan en una materializaci\u00f3n favorable para el pa\u00eds\u201d, dijo.<\/p><\/blockquote>\n\n\n\n<p>El canciller particip\u00f3 en un di\u00e1logo con empresarios del sector productivo del estado de Baja California, encabezados por el Consejo Nacional de la Industria Maquiladora y Manufacturera de Exportaci\u00f3n (Index).<\/p>\n\n\n\n<p>El canciller y la industria maquiladora dialogaron sobre el comportamiento del peso, el Tratado entre M\u00e9xico, Estados Unidos y Canad\u00e1 (TMEC), el sector energ\u00e9tico, la movilidad, el intercambio comercial en la frontera norte y los retos y las necesidades del sector.<\/p>\n\n\n\n<p>El evento estuvo encabezado por la gobernadora Marina del Pilar \u00c1vila Olmeda, gobernadora de Baja California, as\u00ed como por Luis Manuel Hern\u00e1ndez, presidente de index Nacional, Pedro Montejo Peterson, presidente de index Zona Costa Baja California, y Joaqu\u00edn Jim\u00e9nez Arriaga, presidente de index Mexicali, y representantes de diversos sectores industriales y empresariales de la entidad.<\/p>\n\n\n\n<p>Actualmente, hay una complejidad en Baja California por los cruces fronterizos, ya que los datos que arrojan los cruces por las garitas y los tiempos de espera son cr\u00edticos y se traducen en p\u00e9rdidas millonarias.<\/p>\n\n\n\n<p>En Baja California existen actualmente m\u00e1s de mil 100 maquiladoras y Tijuana cuenta con el cl\u00faster m\u00e9dico m\u00e1s importante de Latinoam\u00e9rica.<\/p>\n\n\n\n<p>Los cl\u00faster aeroespacial y electr\u00f3nico tienen proyecciones de vanguardia y competitividad.<\/p>\n\n\n\n<p>El presidente de index Nacional agradeci\u00f3 al canciller los compromisos y reiter\u00f3 el apoyo del sector manufacturero de exportaci\u00f3n para lograr la transici\u00f3n energ\u00e9tica que se necesita en el pa\u00eds.<\/p>\n\n\n\n<p>Tambi\u00e9n destac\u00f3 que actualmente hay un retraso en las metas de generaci\u00f3n de energ\u00edas limpias, el cual debe ser atendido.<\/p>\n\n\n\n<p>Pedro Montejo Peterson, presidente del Index Zona Costa Baja California, dijo que las consideraciones laborales y energ\u00e9ticas plasmadas en el TMEC son prioridades \u201cde nuestras industrias\u201d, ya que \u201centendemos la complejidad de este tipo de acuerdos\u201d.<\/p>\n\n\n\n<blockquote class=\"wp-block-quote is-layout-flow wp-block-quote-is-layout-flow\"><p>\u201cEn Index somos los principales promotores del cumplimiento de las leyes locales, estatales y federales, as\u00ed como de los tratados internacionales, es por ello que hoy somos los principales empleadores de Baja California al generar m\u00e1s de 400 mil empleos formales\u201d, destac\u00f3.<\/p><\/blockquote>\n\n\n\n<p>Al encuentro tambi\u00e9n asistieron inversionistas, ejecutivos de alto nivel empresarial del sector IMMEX con presencia global establecidos en M\u00e9xico y Estados Unidos, as\u00ed como funcionarios de gobierno, quienes pudieron conocer que la industria manufacturera de exportaci\u00f3n desde hace m\u00e1s de cinco d\u00e9cadas, promueve, convoca y representa a grandes exportadores multinacionales de manufactura de M\u00e9xico al mundo.<\/p>\n\n\n\n<p>Fuente: <a href=\"https:\/\/www.forbes.com.mx\/la-fortaleza-del-peso-hace-competitiva-a-la-economia-mexicana-marcelo-ebrard\/\" data-type=\"URL\" data-id=\"https:\/\/www.forbes.com.mx\/la-fortaleza-del-peso-hace-competitiva-a-la-economia-mexicana-marcelo-ebrard\/\">Forbes<\/a><\/p>\n","protected":false},"excerpt":{"rendered":"<p>Marcelo Ebrard Casaub\u00f3n, secretario de Relaciones Exteriores, pidi\u00f3 a la industria maquiladora de Baja California impulsar una estrategia para atraer m\u00e1s inversi\u00f3n extranjera directa, la cual sea apoyada por la fortaleza del peso y apostando a los mercados del futuro. \u201cM\u00e9xico es parte de un muy importante Tratado de Libre Comercio, posee una fortaleza en [&hellip;]<\/p>\n","protected":false},"author":35,"featured_media":75683,"comment_status":"open","ping_status":"open","sticky":false,"template":"","format":"standard","meta":{"_monsterinsights_skip_tracking":false,"_monsterinsights_sitenote_active":false,"_monsterinsights_sitenote_note":"","_monsterinsights_sitenote_category":0,"footnotes":""},"categories":[157],"tags":[21479,384,16114,391,416],"class_list":["post-84649","post","type-post","status-publish","format-standard","has-post-thumbnail","hentry","category-nacional","tag-competitiva","tag-economia","tag-fortaleza","tag-marcelo-ebrard","tag-peso","wp-image-borders"],"amp_enabled":true,"_links":{"self":[{"href":"https:\/\/nvnoticias.mx\/index.php\/wp-json\/wp\/v2\/posts\/84649","targetHints":{"allow":["GET"]}}],"collection":[{"href":"https:\/\/nvnoticias.mx\/index.php\/wp-json\/wp\/v2\/posts"}],"about":[{"href":"https:\/\/nvnoticias.mx\/index.php\/wp-json\/wp\/v2\/types\/post"}],"author":[{"embeddable":true,"href":"https:\/\/nvnoticias.mx\/index.php\/wp-json\/wp\/v2\/users\/35"}],"replies":[{"embeddable":true,"href":"https:\/\/nvnoticias.mx\/index.php\/wp-json\/wp\/v2\/comments?post=84649"}],"version-history":[{"count":1,"href":"https:\/\/nvnoticias.mx\/index.php\/wp-json\/wp\/v2\/posts\/84649\/revisions"}],"predecessor-version":[{"id":84652,"href":"https:\/\/nvnoticias.mx\/index.php\/wp-json\/wp\/v2\/posts\/84649\/revisions\/84652"}],"wp:featuredmedia":[{"embeddable":true,"href":"https:\/\/nvnoticias.mx\/index.php\/wp-json\/wp\/v2\/media\/75683"}],"wp:attachment":[{"href":"https:\/\/nvnoticias.mx\/index.php\/wp-json\/wp\/v2\/media?parent=84649"}],"wp:term":[{"taxonomy":"category","embeddable":true,"href":"https:\/\/nvnoticias.mx\/index.php\/wp-json\/wp\/v2\/categories?post=84649"},{"taxonomy":"post_tag","embeddable":true,"href":"https:\/\/nvnoticias.mx\/index.php\/wp-json\/wp\/v2\/tags?post=84649"}],"curies":[{"name":"wp","href":"https:\/\/api.w.org\/{rel}","templated":true}]}}