{"id":84628,"date":"2022-11-30T12:10:00","date_gmt":"2022-11-30T18:10:00","guid":{"rendered":"https:\/\/nvnoticias.mx\/?p=84628"},"modified":"2022-11-30T12:10:02","modified_gmt":"2022-11-30T18:10:02","slug":"llega-carta-bomba-a-embajada-de-ucrania-en-espana","status":"publish","type":"post","link":"https:\/\/nvnoticias.mx\/index.php\/2022\/11\/30\/llega-carta-bomba-a-embajada-de-ucrania-en-espana\/","title":{"rendered":"Llega Carta bomba a Embajada de Ucrania en Espa\u00f1a"},"content":{"rendered":"\n<p>Un<strong>\u00a0empleado de la embajada de Ucrania en Madrid<\/strong>, Espa\u00f1a, sufri\u00f3\u00a0<strong>heridas leves<\/strong>\u00a0cuando una\u00a0<strong>carta\u00a0bomba\u00a0<\/strong>explot\u00f3 este mi\u00e9rcoles dentro de las instalaciones diplom\u00e1ticas, seg\u00fan el Ministerio del Interior de Espa\u00f1a.<\/p>\n\n\n\n<p>El trabajador pudo llegar a un hospital por su propia cuenta, dijo un portavoz del ministerio.<\/p>\n\n\n\n<p>La&nbsp;<strong>carta bomba&nbsp;<\/strong>fue enviada al&nbsp;<strong>embajador Serhii Pohoreltsev<\/strong>&nbsp;y explot\u00f3 mientras el integrante del personal administrativo, un ciudadano ucraniano, la abr\u00eda, inform\u00f3 el diario&nbsp;<em>El Mundo.<\/em><\/p>\n\n\n\n<p>Por su parte, el ministro de Relaciones Exteriores de Ucrania,&nbsp;<a href=\"https:\/\/www.elfinanciero.com.mx\/nacional\/2022\/10\/10\/de-que-hablo-marcelo-ebrard-con-cancilleres-de-rusia-y-ucrania-esto-dijo-amlo\/\" target=\"_blank\" rel=\"noreferrer noopener\"><strong>Dmytro Kuleva<\/strong><\/a>, se\u00f1al\u00f3 que despu\u00e9s de que el sobre lleg\u00f3 a la embajada, el empleado \u201c<strong>comenz\u00f3 a abrirlo y ocurri\u00f3 una explosi\u00f3n<\/strong>\u201d.<\/p>\n\n\n\n<p>El empleado lesionado recibi\u00f3 atenci\u00f3n m\u00e9dica y \u201c<strong>ya regres\u00f3 a la embajada<\/strong>\u201d, inform\u00f3.<\/p>\n\n\n\n<p>\u201c<strong>Es un ataque muy grave, a una oficina diplom\u00e1tica que est\u00e1 protegida por el derecho internacional<\/strong>\u201d, a\u00f1adi\u00f3 DmytroKuleba. \u201cLa polic\u00eda espa\u00f1ola est\u00e1 investigando. Orden\u00e9 a todas las oficinas diplom\u00e1ticas aumentar la protecci\u00f3n.<strong>&nbsp;Protegeremos a todos los ucranianos no solo en Ucrania sino tambi\u00e9n en el extranjero<\/strong>\u201d, sentenci\u00f3.<\/p>\n\n\n\n<p>A la embajada han acudido t\u00e9cnicos especialistas en desactivaci\u00f3n de explosivos de la Polic\u00eda Nacional de Espa\u00f1a y binomios caninos que colaboran con expertos en explosivos, as\u00ed como agentes de la Polic\u00eda Cient\u00edfica y expertos antiterroristas.<\/p>\n\n\n\n<p>La zona se encuentra acordonada y protegida mientras se realizan las investigaciones.<\/p>\n\n\n\n<p>El ministro del Interior,\u00a0<strong>Fernando Grande-Marlaska<\/strong>, se encontraba en el Congreso en una audiencia sobre la tragedia ocurrida en Melilla, cuando hubo un incidente con cientos de migrantes que estaban en una cerca en el norte de \u00c1frica y Marruecos. En ese hecho murieron 23 personas.<\/p>\n\n\n\n<blockquote class=\"wp-block-quote is-layout-flow wp-block-quote-is-layout-flow\"><p>\u201cQuienquiera que est\u00e9 detr\u00e1s de la puesta en escena de esta explosi\u00f3n,\u00a0<strong>no lograr\u00e1 asustar a los diplom\u00e1ticos ucranianos ni detener sus esfuerzos diarios para fortalecer a Ucrania y contrarrestar la agresi\u00f3n rusa<\/strong>\u201d, dijo Oleh Nikolenko, portavoz del Ministerio de Relaciones Exteriores de Ucrania.<\/p><\/blockquote>\n\n\n\n<p>Fuente: <a href=\"https:\/\/www.elfinanciero.com.mx\/mundo\/2022\/11\/30\/carta-bomba-llega-a-embajada-de-ucrania-en-espana-hay-1-persona-herida\/\" data-type=\"URL\" data-id=\"https:\/\/www.elfinanciero.com.mx\/mundo\/2022\/11\/30\/carta-bomba-llega-a-embajada-de-ucrania-en-espana-hay-1-persona-herida\/\">El Financiero<\/a><\/p>\n","protected":false},"excerpt":{"rendered":"<p>Un\u00a0empleado de la embajada de Ucrania en Madrid, Espa\u00f1a, sufri\u00f3\u00a0heridas leves\u00a0cuando una\u00a0carta\u00a0bomba\u00a0explot\u00f3 este mi\u00e9rcoles dentro de las instalaciones diplom\u00e1ticas, seg\u00fan el Ministerio del Interior de Espa\u00f1a. El trabajador pudo llegar a un hospital por su propia cuenta, dijo un portavoz del ministerio. La&nbsp;carta bomba&nbsp;fue enviada al&nbsp;embajador Serhii Pohoreltsev&nbsp;y explot\u00f3 mientras el integrante del personal administrativo, [&hellip;]<\/p>\n","protected":false},"author":35,"featured_media":42130,"comment_status":"open","ping_status":"open","sticky":false,"template":"","format":"standard","meta":{"_monsterinsights_skip_tracking":false,"_monsterinsights_sitenote_active":false,"_monsterinsights_sitenote_note":"","_monsterinsights_sitenote_category":0,"footnotes":""},"categories":[181],"tags":[5719,6757,21471,593,9076],"class_list":["post-84628","post","type-post","status-publish","format-standard","has-post-thumbnail","hentry","category-internacional","tag-bomba","tag-carta","tag-embajada-de-ucrania","tag-espana","tag-llega","wp-image-borders"],"amp_enabled":true,"_links":{"self":[{"href":"https:\/\/nvnoticias.mx\/index.php\/wp-json\/wp\/v2\/posts\/84628","targetHints":{"allow":["GET"]}}],"collection":[{"href":"https:\/\/nvnoticias.mx\/index.php\/wp-json\/wp\/v2\/posts"}],"about":[{"href":"https:\/\/nvnoticias.mx\/index.php\/wp-json\/wp\/v2\/types\/post"}],"author":[{"embeddable":true,"href":"https:\/\/nvnoticias.mx\/index.php\/wp-json\/wp\/v2\/users\/35"}],"replies":[{"embeddable":true,"href":"https:\/\/nvnoticias.mx\/index.php\/wp-json\/wp\/v2\/comments?post=84628"}],"version-history":[{"count":1,"href":"https:\/\/nvnoticias.mx\/index.php\/wp-json\/wp\/v2\/posts\/84628\/revisions"}],"predecessor-version":[{"id":84632,"href":"https:\/\/nvnoticias.mx\/index.php\/wp-json\/wp\/v2\/posts\/84628\/revisions\/84632"}],"wp:featuredmedia":[{"embeddable":true,"href":"https:\/\/nvnoticias.mx\/index.php\/wp-json\/wp\/v2\/media\/42130"}],"wp:attachment":[{"href":"https:\/\/nvnoticias.mx\/index.php\/wp-json\/wp\/v2\/media?parent=84628"}],"wp:term":[{"taxonomy":"category","embeddable":true,"href":"https:\/\/nvnoticias.mx\/index.php\/wp-json\/wp\/v2\/categories?post=84628"},{"taxonomy":"post_tag","embeddable":true,"href":"https:\/\/nvnoticias.mx\/index.php\/wp-json\/wp\/v2\/tags?post=84628"}],"curies":[{"name":"wp","href":"https:\/\/api.w.org\/{rel}","templated":true}]}}