{"id":84621,"date":"2022-11-30T12:00:57","date_gmt":"2022-11-30T18:00:57","guid":{"rendered":"https:\/\/nvnoticias.mx\/?p=84621"},"modified":"2022-11-30T12:00:58","modified_gmt":"2022-11-30T18:00:58","slug":"acuso-centro-prodh-que-la-scjn-dejo-de-ser-un-contrapeso","status":"publish","type":"post","link":"https:\/\/nvnoticias.mx\/index.php\/2022\/11\/30\/acuso-centro-prodh-que-la-scjn-dejo-de-ser-un-contrapeso\/","title":{"rendered":"Acus\u00f3 Centro Prodh que la SCJN dej\u00f3 de ser un contrapeso"},"content":{"rendered":"\n<p>El Centro de Derechos Humanos Miguel Agust\u00edn Pro Ju\u00e1rez (<strong>Centro Prodh<\/strong>) lament\u00f3 la resoluci\u00f3n de la Suprema Corte de Justicia de la Naci\u00f3n (<strong>SCJN<\/strong>) con la cual se ratific\u00f3 (moment\u00e1neamente) el mando de la Secretar\u00eda de la Defensa Nacional (<strong>Sedena<\/strong>) sobre la\u00a0<strong>Guardia Nacional\u00a0<\/strong>(<strong>GN<\/strong>).<\/p>\n\n\n\n<p>Con ocho votos a favor y tres en contra, la Sala Superior de la Corte aval\u00f3 el proyecto de\u00a0<strong>la ministra R\u00edos-Farjat<\/strong>\u00a0que valida la permanencia de los militares en tareas de seguridad p\u00fablica. Una resoluci\u00f3n con la cual, seg\u00fan el Centro, el Poder Judicial perdi\u00f3 su papel como\u00a0<strong>contrapeso<\/strong>\u00a0ante la controversial\u00a0pol\u00edtica de seguridad del presidente Andr\u00e9s Manuel\u00a0<strong>L\u00f3pez Obrador\u00a0<\/strong>(<strong>AMLO<\/strong>).<\/p>\n\n\n\n<blockquote class=\"wp-block-quote is-layout-flow wp-block-quote-is-layout-flow\"><p>\u201cSe perdi\u00f3 una oportunidad para que el Poder Judicial act\u00fae como contrapeso ante la militarizaci\u00f3n en el pa\u00eds\u201d.<\/p><\/blockquote>\n\n\n\n<p>En ese sentido, el organismo hizo un llamado al poder prescindido por el ministro presidente, Arturo Zald\u00edvar, para enfocar sus esfuerzos en resolver otros asuntos de primera relevancia respecto a la militarizaci\u00f3n en M\u00e9xico &#8211; que ser\u00edan nueve en total, seg\u00fan el Centro.<\/p>\n\n\n\n<p>\u201c\u00c9stos deben priorizarse y dada su trascendencia, los proyectos deben publicarse antes de la discusi\u00f3n\u201d, exhort\u00f3 el organismo mediante su cuenta de\u00a0<em>Twitter,\u00a0<\/em>destacando la acci\u00f3n de inconstitucionalidad 62\/169 respecto a las los riesgos y consecuencias del involucramiento de la GN en\u00a0<strong>tareas migratorias<\/strong>.<\/p>\n\n\n\n<p>De acuerdo con lo aprobado en la Suprema Corte el 29 de noviembre, la Sedena ser\u00e1 la responsable de combatir a los principales generadores de violencia en M\u00e9xico, tales como el narcotr\u00e1fico, extorsi\u00f3n, secuestros y homicidios dolosos hasta el\u00a0<strong>2028;\u00a0<\/strong>periodo en el cual se pretende terminar de consolidar a la GN como una instituci\u00f3n civil. Asimismo, se destaca que en ese mismo a\u00f1o se plane\u00f3 que el mando militar en la Guardia terminar\u00eda en marzo de 2024.<\/p>\n\n\n\n<p>Fuente: <a href=\"https:\/\/www.infobae.com\/america\/mexico\/2022\/11\/30\/centro-prodh-acuso-que-la-scjn-dejo-de-ser-un-contrapeso-tras-resolucion-de-las-fuerzas-armadas\/\" data-type=\"URL\" data-id=\"https:\/\/www.infobae.com\/america\/mexico\/2022\/11\/30\/centro-prodh-acuso-que-la-scjn-dejo-de-ser-un-contrapeso-tras-resolucion-de-las-fuerzas-armadas\/\">Infobae<\/a><\/p>\n","protected":false},"excerpt":{"rendered":"<p>El Centro de Derechos Humanos Miguel Agust\u00edn Pro Ju\u00e1rez (Centro Prodh) lament\u00f3 la resoluci\u00f3n de la Suprema Corte de Justicia de la Naci\u00f3n (SCJN) con la cual se ratific\u00f3 (moment\u00e1neamente) el mando de la Secretar\u00eda de la Defensa Nacional (Sedena) sobre la\u00a0Guardia Nacional\u00a0(GN). Con ocho votos a favor y tres en contra, la Sala Superior [&hellip;]<\/p>\n","protected":false},"author":35,"featured_media":42963,"comment_status":"open","ping_status":"open","sticky":false,"template":"","format":"standard","meta":{"_monsterinsights_skip_tracking":false,"_monsterinsights_sitenote_active":false,"_monsterinsights_sitenote_note":"","_monsterinsights_sitenote_category":0,"footnotes":""},"categories":[158],"tags":[15812,19863,21469,162,3194],"class_list":["post-84621","post","type-post","status-publish","format-standard","has-post-thumbnail","hentry","category-politica","tag-acuso","tag-centro-prodh","tag-contrapeso","tag-portada","tag-scjn","wp-image-borders"],"amp_enabled":true,"_links":{"self":[{"href":"https:\/\/nvnoticias.mx\/index.php\/wp-json\/wp\/v2\/posts\/84621","targetHints":{"allow":["GET"]}}],"collection":[{"href":"https:\/\/nvnoticias.mx\/index.php\/wp-json\/wp\/v2\/posts"}],"about":[{"href":"https:\/\/nvnoticias.mx\/index.php\/wp-json\/wp\/v2\/types\/post"}],"author":[{"embeddable":true,"href":"https:\/\/nvnoticias.mx\/index.php\/wp-json\/wp\/v2\/users\/35"}],"replies":[{"embeddable":true,"href":"https:\/\/nvnoticias.mx\/index.php\/wp-json\/wp\/v2\/comments?post=84621"}],"version-history":[{"count":1,"href":"https:\/\/nvnoticias.mx\/index.php\/wp-json\/wp\/v2\/posts\/84621\/revisions"}],"predecessor-version":[{"id":84627,"href":"https:\/\/nvnoticias.mx\/index.php\/wp-json\/wp\/v2\/posts\/84621\/revisions\/84627"}],"wp:featuredmedia":[{"embeddable":true,"href":"https:\/\/nvnoticias.mx\/index.php\/wp-json\/wp\/v2\/media\/42963"}],"wp:attachment":[{"href":"https:\/\/nvnoticias.mx\/index.php\/wp-json\/wp\/v2\/media?parent=84621"}],"wp:term":[{"taxonomy":"category","embeddable":true,"href":"https:\/\/nvnoticias.mx\/index.php\/wp-json\/wp\/v2\/categories?post=84621"},{"taxonomy":"post_tag","embeddable":true,"href":"https:\/\/nvnoticias.mx\/index.php\/wp-json\/wp\/v2\/tags?post=84621"}],"curies":[{"name":"wp","href":"https:\/\/api.w.org\/{rel}","templated":true}]}}