{"id":84620,"date":"2022-11-30T11:56:13","date_gmt":"2022-11-30T17:56:13","guid":{"rendered":"https:\/\/nvnoticias.mx\/?p=84620"},"modified":"2022-11-30T11:56:14","modified_gmt":"2022-11-30T17:56:14","slug":"reforzaran-los-operativos-para-evitar-que-se-venda-pirotecnia-en-diciembre","status":"publish","type":"post","link":"https:\/\/nvnoticias.mx\/index.php\/2022\/11\/30\/reforzaran-los-operativos-para-evitar-que-se-venda-pirotecnia-en-diciembre\/","title":{"rendered":"Reforzar\u00e1n los operativos para evitar que se venda pirotecnia en diciembre"},"content":{"rendered":"\n<p><strong>Jes\u00fas Utrilla \/ NV Noticias<\/strong><\/p>\n\n\n\n<p>Los comercios que vendan pirotecnia en diciembre ser\u00e1n multados y hasta clausurados, advirti\u00f3 el director de Gobernaci\u00f3n del Ayuntamiento de Veracruz Jorge Carlos Bobadilla Carpi.<\/p>\n\n\n\n<p>Y es que reforzar\u00e1n los operativos para evitar que se vendan cohetes que pongan en riesgo a la poblaci\u00f3n.<\/p>\n\n\n\n<p>Record\u00f3 en la ciudad de Veracruz se tuvo un accidente hace a\u00f1os en la zona de mercados por la venta de este tipo de materiales, pero adem\u00e1s, cada fin de a\u00f1o hay ni\u00f1os y personas lesionadas por quemaduras e incluso mutiladas.<\/p>\n\n\n\n<blockquote class=\"wp-block-quote is-layout-flow wp-block-quote-is-layout-flow\"><p>\u201c<em>Lastimosamente a\u00f1o con a\u00f1o se presentan accidentes en nuestros ni\u00f1os, estaremos muy vigilantes que los comerciantes no vendan de manera clandestina ning\u00fan tipo de pirotecnia<\/em>\u201d.<\/p><\/blockquote>\n\n\n\n<p>Exhort\u00f3 a la poblaci\u00f3n en general para evitar el uso de pirotecnia ya que puede generar accidentes graves, incluso el fallecimiento debido al mal uso.<\/p>\n\n\n\n<p>Durante diciembre se da un repunte importante en la venta, primeramente por los festejos del 12 de diciembre, en honor a la Virgen de Guadalupe, posteriormente por la Navidad y finalmente por el cambio de a\u00f1o.<\/p>\n\n\n\n<p>Adem\u00e1s se podr\u00eda detener a los ciudadanos que lancen la pirotecnia en la v\u00eda p\u00fablica.<\/p>\n\n\n\n<blockquote class=\"wp-block-quote is-layout-flow wp-block-quote-is-layout-flow\"><p>\u201c<em>En caso de reincidencia se da vista a la fiscal\u00eda, normalmente en el uso com\u00fan cuando se interviene al ciudadano y se le retira la p\u00f3lvora se van a sus domicilios y dejan de hacerlo, lo realmente preocupante es que se realicen actos de comercio de manera indebida con pirotecnia<\/em>\u201d.<\/p><\/blockquote>\n\n\n\n<p>En el operativo participar\u00e1 la Polic\u00eda, Comercio y Gobernaci\u00f3n.<\/p>\n","protected":false},"excerpt":{"rendered":"<p>Jes\u00fas Utrilla \/ NV Noticias Los comercios que vendan pirotecnia en diciembre ser\u00e1n multados y hasta clausurados, advirti\u00f3 el director de Gobernaci\u00f3n del Ayuntamiento de Veracruz Jorge Carlos Bobadilla Carpi. Y es que reforzar\u00e1n los operativos para evitar que se vendan cohetes que pongan en riesgo a la poblaci\u00f3n. Record\u00f3 en la ciudad de Veracruz [&hellip;]<\/p>\n","protected":false},"author":8,"featured_media":84622,"comment_status":"open","ping_status":"open","sticky":false,"template":"","format":"standard","meta":{"_monsterinsights_skip_tracking":false,"_monsterinsights_sitenote_active":false,"_monsterinsights_sitenote_note":"","_monsterinsights_sitenote_category":0,"footnotes":""},"categories":[154],"tags":[290,7740,2730],"class_list":["post-84620","post","type-post","status-publish","format-standard","has-post-thumbnail","hentry","category-veracruz","tag-operativo","tag-pirotecnia","tag-venta","wp-image-borders"],"amp_enabled":true,"_links":{"self":[{"href":"https:\/\/nvnoticias.mx\/index.php\/wp-json\/wp\/v2\/posts\/84620","targetHints":{"allow":["GET"]}}],"collection":[{"href":"https:\/\/nvnoticias.mx\/index.php\/wp-json\/wp\/v2\/posts"}],"about":[{"href":"https:\/\/nvnoticias.mx\/index.php\/wp-json\/wp\/v2\/types\/post"}],"author":[{"embeddable":true,"href":"https:\/\/nvnoticias.mx\/index.php\/wp-json\/wp\/v2\/users\/8"}],"replies":[{"embeddable":true,"href":"https:\/\/nvnoticias.mx\/index.php\/wp-json\/wp\/v2\/comments?post=84620"}],"version-history":[{"count":1,"href":"https:\/\/nvnoticias.mx\/index.php\/wp-json\/wp\/v2\/posts\/84620\/revisions"}],"predecessor-version":[{"id":84623,"href":"https:\/\/nvnoticias.mx\/index.php\/wp-json\/wp\/v2\/posts\/84620\/revisions\/84623"}],"wp:featuredmedia":[{"embeddable":true,"href":"https:\/\/nvnoticias.mx\/index.php\/wp-json\/wp\/v2\/media\/84622"}],"wp:attachment":[{"href":"https:\/\/nvnoticias.mx\/index.php\/wp-json\/wp\/v2\/media?parent=84620"}],"wp:term":[{"taxonomy":"category","embeddable":true,"href":"https:\/\/nvnoticias.mx\/index.php\/wp-json\/wp\/v2\/categories?post=84620"},{"taxonomy":"post_tag","embeddable":true,"href":"https:\/\/nvnoticias.mx\/index.php\/wp-json\/wp\/v2\/tags?post=84620"}],"curies":[{"name":"wp","href":"https:\/\/api.w.org\/{rel}","templated":true}]}}