{"id":84609,"date":"2022-11-30T11:39:27","date_gmt":"2022-11-30T17:39:27","guid":{"rendered":"https:\/\/nvnoticias.mx\/?p=84609"},"modified":"2022-11-30T11:41:12","modified_gmt":"2022-11-30T17:41:12","slug":"rehabilitan-con-concreto-hidraulico-de-la-calle-victimas-del-5-y-6-julio","status":"publish","type":"post","link":"https:\/\/nvnoticias.mx\/index.php\/2022\/11\/30\/rehabilitan-con-concreto-hidraulico-de-la-calle-victimas-del-5-y-6-julio\/","title":{"rendered":"Rehabilitan con concreto hidr\u00e1ulico de la calle V\u00edctimas del 5 y 6 Julio"},"content":{"rendered":"\n<p><strong>Jes\u00fas Utrilla \/ NV Noticias<\/strong><\/p>\n\n\n\n<p>La alcaldesa de Veracruz, Patricia Lobeira Rodr\u00edguez, inaugur\u00f3 la obra de rehabilitaci\u00f3n con concreto hidr\u00e1ulico de la calle V\u00edctimas del 5 y 6 Julio. Se invirtieron 10 millones de pesos a beneficio de la colonia Zaragoza. <\/p>\n\n\n\n<p>Se\u00f1al\u00f3 que ten\u00eda m\u00e1s de \u00a025 a\u00f1os sin que se hiciera obra de esa magnitud en dicho punto de la ciudad. Ahora son 10 mil personas beneficiadas m\u00e1s quienes transitan por ah\u00ed. <\/p>\n\n\n\n<p>Por otro lado coment\u00f3 que apoyan log\u00edsticamente para la visita del presidente Andr\u00e9s Manuel L\u00f3pez Obrador.\u00a0Gobierno Federal solicit\u00f3 dos maquetas del Museo de la Ciudad y tambi\u00e9n pidieron la Macroplaza. <\/p>\n\n\n\n<p>Las maquetas ser\u00e1n llevadas a San Juan de Ulua donde se realizar\u00e1 un acto protocolario para la inauguraci\u00f3n de los trabajos de restauraci\u00f3n de la fortaleza. <\/p>\n\n\n\n<blockquote class=\"wp-block-quote is-layout-flow wp-block-quote-is-layout-flow\"><p>\u201c<em>Si han pedido ciertas cosas con las cuales vamos a cumplir como siempre. Nosotros muy coordinados institucionalmente trabajando en beneficio de la ciudadan\u00eda de Veracruz<\/em>\u201d.<\/p><\/blockquote>\n\n\n\n<p>Por otro lado la presidenta municipal invit\u00f3 a los porte\u00f1os a asistir a la 1 de la tarde al z\u00f3calo de la ciudad a presenciar el encuentro entre M\u00e9xico y Arabia Saudita. <\/p>\n\n\n\n<p>Afirm\u00f3 que la pantalla es de muy buena resoluci\u00f3n, se ve bien y se puede convivir un rato\u201d. <\/p>\n\n\n\n<p>Para el fin de semana se espera la llegada de turistas con el Segundo Marat\u00f3n Veracruz- Boca del R\u00edo.<\/p>\n","protected":false},"excerpt":{"rendered":"<p>Jes\u00fas Utrilla \/ NV Noticias La alcaldesa de Veracruz, Patricia Lobeira Rodr\u00edguez, inaugur\u00f3 la obra de rehabilitaci\u00f3n con concreto hidr\u00e1ulico de la calle V\u00edctimas del 5 y 6 Julio. Se invirtieron 10 millones de pesos a beneficio de la colonia Zaragoza. Se\u00f1al\u00f3 que ten\u00eda m\u00e1s de \u00a025 a\u00f1os sin que se hiciera obra de esa [&hellip;]<\/p>\n","protected":false},"author":8,"featured_media":84611,"comment_status":"open","ping_status":"open","sticky":false,"template":"","format":"standard","meta":{"_monsterinsights_skip_tracking":false,"_monsterinsights_sitenote_active":false,"_monsterinsights_sitenote_note":"","_monsterinsights_sitenote_category":0,"footnotes":""},"categories":[154],"tags":[21467,367],"class_list":["post-84609","post","type-post","status-publish","format-standard","has-post-thumbnail","hentry","category-veracruz","tag-calle-victimas-del-5-y-6-de-julio","tag-rehabilitacion","wp-image-borders"],"amp_enabled":true,"_links":{"self":[{"href":"https:\/\/nvnoticias.mx\/index.php\/wp-json\/wp\/v2\/posts\/84609","targetHints":{"allow":["GET"]}}],"collection":[{"href":"https:\/\/nvnoticias.mx\/index.php\/wp-json\/wp\/v2\/posts"}],"about":[{"href":"https:\/\/nvnoticias.mx\/index.php\/wp-json\/wp\/v2\/types\/post"}],"author":[{"embeddable":true,"href":"https:\/\/nvnoticias.mx\/index.php\/wp-json\/wp\/v2\/users\/8"}],"replies":[{"embeddable":true,"href":"https:\/\/nvnoticias.mx\/index.php\/wp-json\/wp\/v2\/comments?post=84609"}],"version-history":[{"count":2,"href":"https:\/\/nvnoticias.mx\/index.php\/wp-json\/wp\/v2\/posts\/84609\/revisions"}],"predecessor-version":[{"id":84615,"href":"https:\/\/nvnoticias.mx\/index.php\/wp-json\/wp\/v2\/posts\/84609\/revisions\/84615"}],"wp:featuredmedia":[{"embeddable":true,"href":"https:\/\/nvnoticias.mx\/index.php\/wp-json\/wp\/v2\/media\/84611"}],"wp:attachment":[{"href":"https:\/\/nvnoticias.mx\/index.php\/wp-json\/wp\/v2\/media?parent=84609"}],"wp:term":[{"taxonomy":"category","embeddable":true,"href":"https:\/\/nvnoticias.mx\/index.php\/wp-json\/wp\/v2\/categories?post=84609"},{"taxonomy":"post_tag","embeddable":true,"href":"https:\/\/nvnoticias.mx\/index.php\/wp-json\/wp\/v2\/tags?post=84609"}],"curies":[{"name":"wp","href":"https:\/\/api.w.org\/{rel}","templated":true}]}}