{"id":84515,"date":"2022-11-29T17:43:32","date_gmt":"2022-11-29T23:43:32","guid":{"rendered":"https:\/\/nvnoticias.mx\/?p=84515"},"modified":"2022-11-29T17:45:03","modified_gmt":"2022-11-29T23:45:03","slug":"artesanos-del-malecon-esperan-aumento-en-ventas","status":"publish","type":"post","link":"https:\/\/nvnoticias.mx\/index.php\/2022\/11\/29\/artesanos-del-malecon-esperan-aumento-en-ventas\/","title":{"rendered":"Artesanos del malec\u00f3n esperan aumento en ventas"},"content":{"rendered":"\n<p><strong>Jes\u00fas Utrilla \/ NV Noticias<\/strong><\/p>\n\n\n\n<p>La venta de artesan\u00edas repuntar\u00e1 en diciembre en la zona del malec\u00f3n porque ya no hay ambulantes, dijo \u00c1ngel Hern\u00e1ndez Ramos, presidente de la Asociaci\u00f3n de Artesanos del Malec\u00f3n.<\/p>\n\n\n\n<p>Explic\u00f3 que podr\u00edan alcanzar un aumento de 100 por ciento en ventas pues durante las vacaciones vender\u00e1n m\u00e1s porque ya no hay competencia desleal.<\/p>\n\n\n\n<p>En vacaciones anteriores llegaban a un aumento de 60 por ciento en ventas pero ahora que no estar\u00e1n los puestos frente a sus negocios tendr\u00e1n mejores resultados.<\/p>\n\n\n\n<p>En la zona hay cerca de 200 locales que ofrecen artesan\u00edas y los propietarios pagan impuestos, luz, entre otros.<\/p>\n\n\n\n<blockquote class=\"wp-block-quote is-layout-flow wp-block-quote-is-layout-flow\"><p>\u201c<em>Por lo regular nuestras ventas no repuntan ni el 60 por ciento por las condiciones que se presentaban con el comercio informal, consideramos que esta ser\u00e1 la primera ocasi\u00f3n\u00a0\u00a0en que podremos alcanzar un 100 por ciento en el repunte de ventas y esto nos va permitir soportar las vacas flacas y aprovechar estas temporadas<\/em>\u201d.<\/p><\/blockquote>\n\n\n\n<p>Los ambulantes eran una competencia desleal para los establecidos pero en diciembre esperan buenos resultados luego de su retiro.&nbsp;<\/p>\n\n\n\n<p>Incluso locales que antes cerraban durante la ma\u00f1ana ya abren todo el d\u00eda porque las ventas van en aumento.<\/p>\n","protected":false},"excerpt":{"rendered":"<p>Jes\u00fas Utrilla \/ NV Noticias La venta de artesan\u00edas repuntar\u00e1 en diciembre en la zona del malec\u00f3n porque ya no hay ambulantes, dijo \u00c1ngel Hern\u00e1ndez Ramos, presidente de la Asociaci\u00f3n de Artesanos del Malec\u00f3n. Explic\u00f3 que podr\u00edan alcanzar un aumento de 100 por ciento en ventas pues durante las vacaciones vender\u00e1n m\u00e1s porque ya no [&hellip;]<\/p>\n","protected":false},"author":8,"featured_media":84517,"comment_status":"open","ping_status":"open","sticky":false,"template":"","format":"standard","meta":{"_monsterinsights_skip_tracking":false,"_monsterinsights_sitenote_active":false,"_monsterinsights_sitenote_note":"","_monsterinsights_sitenote_category":0,"footnotes":""},"categories":[154],"tags":[5705,2738,199],"class_list":["post-84515","post","type-post","status-publish","format-standard","has-post-thumbnail","hentry","category-veracruz","tag-artesanos-veracruzanos","tag-malecon-de-veracruz","tag-ventas","wp-image-borders"],"amp_enabled":true,"_links":{"self":[{"href":"https:\/\/nvnoticias.mx\/index.php\/wp-json\/wp\/v2\/posts\/84515","targetHints":{"allow":["GET"]}}],"collection":[{"href":"https:\/\/nvnoticias.mx\/index.php\/wp-json\/wp\/v2\/posts"}],"about":[{"href":"https:\/\/nvnoticias.mx\/index.php\/wp-json\/wp\/v2\/types\/post"}],"author":[{"embeddable":true,"href":"https:\/\/nvnoticias.mx\/index.php\/wp-json\/wp\/v2\/users\/8"}],"replies":[{"embeddable":true,"href":"https:\/\/nvnoticias.mx\/index.php\/wp-json\/wp\/v2\/comments?post=84515"}],"version-history":[{"count":2,"href":"https:\/\/nvnoticias.mx\/index.php\/wp-json\/wp\/v2\/posts\/84515\/revisions"}],"predecessor-version":[{"id":84520,"href":"https:\/\/nvnoticias.mx\/index.php\/wp-json\/wp\/v2\/posts\/84515\/revisions\/84520"}],"wp:featuredmedia":[{"embeddable":true,"href":"https:\/\/nvnoticias.mx\/index.php\/wp-json\/wp\/v2\/media\/84517"}],"wp:attachment":[{"href":"https:\/\/nvnoticias.mx\/index.php\/wp-json\/wp\/v2\/media?parent=84515"}],"wp:term":[{"taxonomy":"category","embeddable":true,"href":"https:\/\/nvnoticias.mx\/index.php\/wp-json\/wp\/v2\/categories?post=84515"},{"taxonomy":"post_tag","embeddable":true,"href":"https:\/\/nvnoticias.mx\/index.php\/wp-json\/wp\/v2\/tags?post=84515"}],"curies":[{"name":"wp","href":"https:\/\/api.w.org\/{rel}","templated":true}]}}