{"id":84504,"date":"2022-11-29T15:33:18","date_gmt":"2022-11-29T21:33:18","guid":{"rendered":"https:\/\/nvnoticias.mx\/?p=84504"},"modified":"2022-11-29T15:33:19","modified_gmt":"2022-11-29T21:33:19","slug":"stephanie-frappart-dirigira-el-alemania-vs-costa-rica","status":"publish","type":"post","link":"https:\/\/nvnoticias.mx\/index.php\/2022\/11\/29\/stephanie-frappart-dirigira-el-alemania-vs-costa-rica\/","title":{"rendered":"Stephanie Frappart dirigir\u00e1 el Alemania vs Costa Rica"},"content":{"rendered":"\n<p>La francesa Stephanie Frappart fue designada para ser la \u00e1rbitra central del encuentro entre\u00a0Costa Rica y Alemania, correspondiente a la tercera jornada de la fase de grupos\u00a0del\u00a0Mundial Qatar 2022. La mexicana Karen D\u00edaz Medina le acompa\u00f1ar\u00e1 en la banda.<\/p>\n\n\n\n<p>La \u00e1rbitra francesa ya hab\u00eda participado en otros dos partidos y fue la cuarta en el campo para los partidos M\u00e9xico-Polonia y Portugal-Ghana y ahora se convertir\u00e1 en la primera mujer de la historia que dirija un encuentro en una Copa del Mundo masculina.<\/p>\n\n\n\n<p>Frappart suma esta participaci\u00f3n a su palmar\u00e9s de r\u00e9cords en el mundo del arbitraje y tendr\u00e1 como jueces de l\u00ednea en el estadio Al Bayt de Al Khor a la brasile\u00f1a Neuza Back y a la mexicana Karen D\u00edaz Medina. El cuarto \u00e1rbitro ser\u00e1 el hondure\u00f1o Said Mart\u00ednez.<\/p>\n\n\n\n<p>El VAR tendr\u00e1 al canadiense Drew Fischer, el AVAR contar\u00e1 con el franc\u00e9s Jerome Brisar, mientras que las revisiones del VAR de fuera de juego ser\u00e1 operado por la estadounidense Kathryn Nesbitt y el apoyo al VAR estar\u00e1 a cargo del italiano Massimiliano Irrati.<\/p>\n\n\n\n<p>Fuente: <a href=\"https:\/\/www.tudn.com\/futbol\/mundial-qatar-2022\/partidos-en-vivo\/fase-de-grupos\/costa-rica-vs-alemania\/stephanie-frappart-hara-historia-en-qatar-2022-primera-arbitra-central-mundial-varonil\">TUDN<\/a><\/p>\n","protected":false},"excerpt":{"rendered":"<p>La francesa Stephanie Frappart fue designada para ser la \u00e1rbitra central del encuentro entre\u00a0Costa Rica y Alemania, correspondiente a la tercera jornada de la fase de grupos\u00a0del\u00a0Mundial Qatar 2022. La mexicana Karen D\u00edaz Medina le acompa\u00f1ar\u00e1 en la banda. La \u00e1rbitra francesa ya hab\u00eda participado en otros dos partidos y fue la cuarta en el [&hellip;]<\/p>\n","protected":false},"author":8,"featured_media":81046,"comment_status":"open","ping_status":"open","sticky":false,"template":"","format":"standard","meta":{"_monsterinsights_skip_tracking":false,"_monsterinsights_sitenote_active":false,"_monsterinsights_sitenote_note":"","_monsterinsights_sitenote_category":0,"footnotes":""},"categories":[159],"tags":[10519,6461,21156],"class_list":["post-84504","post","type-post","status-publish","format-standard","has-post-thumbnail","hentry","category-deportes","tag-arbitra","tag-mundial-de-qatar-2022","tag-stephanie-frappart","wp-image-borders"],"amp_enabled":true,"_links":{"self":[{"href":"https:\/\/nvnoticias.mx\/index.php\/wp-json\/wp\/v2\/posts\/84504","targetHints":{"allow":["GET"]}}],"collection":[{"href":"https:\/\/nvnoticias.mx\/index.php\/wp-json\/wp\/v2\/posts"}],"about":[{"href":"https:\/\/nvnoticias.mx\/index.php\/wp-json\/wp\/v2\/types\/post"}],"author":[{"embeddable":true,"href":"https:\/\/nvnoticias.mx\/index.php\/wp-json\/wp\/v2\/users\/8"}],"replies":[{"embeddable":true,"href":"https:\/\/nvnoticias.mx\/index.php\/wp-json\/wp\/v2\/comments?post=84504"}],"version-history":[{"count":1,"href":"https:\/\/nvnoticias.mx\/index.php\/wp-json\/wp\/v2\/posts\/84504\/revisions"}],"predecessor-version":[{"id":84505,"href":"https:\/\/nvnoticias.mx\/index.php\/wp-json\/wp\/v2\/posts\/84504\/revisions\/84505"}],"wp:featuredmedia":[{"embeddable":true,"href":"https:\/\/nvnoticias.mx\/index.php\/wp-json\/wp\/v2\/media\/81046"}],"wp:attachment":[{"href":"https:\/\/nvnoticias.mx\/index.php\/wp-json\/wp\/v2\/media?parent=84504"}],"wp:term":[{"taxonomy":"category","embeddable":true,"href":"https:\/\/nvnoticias.mx\/index.php\/wp-json\/wp\/v2\/categories?post=84504"},{"taxonomy":"post_tag","embeddable":true,"href":"https:\/\/nvnoticias.mx\/index.php\/wp-json\/wp\/v2\/tags?post=84504"}],"curies":[{"name":"wp","href":"https:\/\/api.w.org\/{rel}","templated":true}]}}