{"id":84494,"date":"2022-11-29T15:18:12","date_gmt":"2022-11-29T21:18:12","guid":{"rendered":"https:\/\/nvnoticias.mx\/?p=84494"},"modified":"2022-11-29T15:18:12","modified_gmt":"2022-11-29T21:18:12","slug":"se-espera-la-visita-de-corredores-de-22-paises-en-el-maraton-internacional-de-veracruz-de-este-domingo","status":"publish","type":"post","link":"https:\/\/nvnoticias.mx\/index.php\/2022\/11\/29\/se-espera-la-visita-de-corredores-de-22-paises-en-el-maraton-internacional-de-veracruz-de-este-domingo\/","title":{"rendered":"Se espera la visita de corredores de 22 pa\u00edses en el Marat\u00f3n Internacional de Veracruz de este domingo"},"content":{"rendered":"\n<p><strong>Jes\u00fas Utrilla \/ NV Noticias<\/strong><\/p>\n\n\n\n<p>Para el domingo 4 de diciembre en Veracruz y Boca del R\u00edo se espera la visita de corredores de 22 pa\u00edses, por la realizaci\u00f3n del Marat\u00f3n Internacional.<\/p>\n\n\n\n<p>Las distancias ser\u00e1n 21 y 42 kil\u00f3metros pero arribaran competidores de otras naciones.<br>Las categor\u00edas son varonil y femenil e incluso se contempla libre varonil y femenil con discapacidad.<\/p>\n\n\n\n<p>La alcaldesa de Veracruz Patricia Lobeira Rodr\u00edguez dijo que el evento deportivo generar\u00e1 una importante derrama econ\u00f3mica para la zona conurbada.<\/p>\n\n\n\n<blockquote class=\"wp-block-quote is-layout-flow wp-block-quote-is-layout-flow\"><p>&#8220;<em>Vamos a tener turismo de quienes vienen al marat\u00f3n internacional y es momento de que aprecien nuestra cultura como mexicanos y veracruzanos. Esperamos gente de toda Latinoam\u00e9rica e incluso de Estados Unidos y Europa<\/em>&#8220;.<\/p><\/blockquote>\n\n\n\n<p>Se premiar\u00e1 a los primeros tres lugares absolutos de las ramas Femenil y Varonil, considerando la misma premiaci\u00f3n para los lugares comprendidos dentro de la categor\u00eda de capacidades diferentes.<\/p>\n\n\n\n<p>La presidenta municipal de Veracruz recorri\u00f3 la zona del Malec\u00f3n en donde se coloc\u00f3 un tapete a\u00e9reo de artesanos de Acultzingo.<\/p>\n\n\n\n<p>Se encuentra conformado\u00a0 por mil 400 tapetes y mide en total 140 metros de largo por 6 metros de ancho.<\/p>\n\n\n\n<p>Se trata de una obra realizada por mujeres de dicho municipio que fue colgado en la parte de Insurgentes Veracruzanos. De acuerdo a la alcaldesa estar\u00e1 hasta el 5 diciembre.<\/p>\n\n\n\n<p>La intenci\u00f3n es que la gente conozca la artesan\u00eda de Acultzingo, pues las mujeres de las localidades saben tejer y elaboran este tipo de trabajos.<\/p>\n","protected":false},"excerpt":{"rendered":"<p>Jes\u00fas Utrilla \/ NV Noticias Para el domingo 4 de diciembre en Veracruz y Boca del R\u00edo se espera la visita de corredores de 22 pa\u00edses, por la realizaci\u00f3n del Marat\u00f3n Internacional. Las distancias ser\u00e1n 21 y 42 kil\u00f3metros pero arribaran competidores de otras naciones.Las categor\u00edas son varonil y femenil e incluso se contempla libre [&hellip;]<\/p>\n","protected":false},"author":8,"featured_media":84496,"comment_status":"open","ping_status":"open","sticky":false,"template":"","format":"standard","meta":{"_monsterinsights_skip_tracking":false,"_monsterinsights_sitenote_active":false,"_monsterinsights_sitenote_note":"","_monsterinsights_sitenote_category":0,"footnotes":""},"categories":[154],"tags":[21448],"class_list":["post-84494","post","type-post","status-publish","format-standard","has-post-thumbnail","hentry","category-veracruz","tag-maraton-internacional-de-veracruz","wp-image-borders"],"amp_enabled":true,"_links":{"self":[{"href":"https:\/\/nvnoticias.mx\/index.php\/wp-json\/wp\/v2\/posts\/84494","targetHints":{"allow":["GET"]}}],"collection":[{"href":"https:\/\/nvnoticias.mx\/index.php\/wp-json\/wp\/v2\/posts"}],"about":[{"href":"https:\/\/nvnoticias.mx\/index.php\/wp-json\/wp\/v2\/types\/post"}],"author":[{"embeddable":true,"href":"https:\/\/nvnoticias.mx\/index.php\/wp-json\/wp\/v2\/users\/8"}],"replies":[{"embeddable":true,"href":"https:\/\/nvnoticias.mx\/index.php\/wp-json\/wp\/v2\/comments?post=84494"}],"version-history":[{"count":1,"href":"https:\/\/nvnoticias.mx\/index.php\/wp-json\/wp\/v2\/posts\/84494\/revisions"}],"predecessor-version":[{"id":84497,"href":"https:\/\/nvnoticias.mx\/index.php\/wp-json\/wp\/v2\/posts\/84494\/revisions\/84497"}],"wp:featuredmedia":[{"embeddable":true,"href":"https:\/\/nvnoticias.mx\/index.php\/wp-json\/wp\/v2\/media\/84496"}],"wp:attachment":[{"href":"https:\/\/nvnoticias.mx\/index.php\/wp-json\/wp\/v2\/media?parent=84494"}],"wp:term":[{"taxonomy":"category","embeddable":true,"href":"https:\/\/nvnoticias.mx\/index.php\/wp-json\/wp\/v2\/categories?post=84494"},{"taxonomy":"post_tag","embeddable":true,"href":"https:\/\/nvnoticias.mx\/index.php\/wp-json\/wp\/v2\/tags?post=84494"}],"curies":[{"name":"wp","href":"https:\/\/api.w.org\/{rel}","templated":true}]}}