{"id":84451,"date":"2022-11-29T12:15:38","date_gmt":"2022-11-29T18:15:38","guid":{"rendered":"https:\/\/nvnoticias.mx\/?p=84451"},"modified":"2022-11-29T12:15:39","modified_gmt":"2022-11-29T18:15:39","slug":"piden-sre-y-sspc-informacion-a-eu-sobre-presunta-no-custodia-de-la-barbie","status":"publish","type":"post","link":"https:\/\/nvnoticias.mx\/index.php\/2022\/11\/29\/piden-sre-y-sspc-informacion-a-eu-sobre-presunta-no-custodia-de-la-barbie\/","title":{"rendered":"Piden SRE y SSPC informaci\u00f3n a EU sobre presunta no custodia de \u2018La Barbie\u2019"},"content":{"rendered":"\n<p>El presidente Andr\u00e9s Manuel L\u00f3pez Obrador inform\u00f3 que la Secretar\u00eda de Relaciones Exteriores (SRE) y la Secretar\u00eda de Seguridad y Protecci\u00f3n Ciudadana (SSPC) pidieron al gobierno de Estados Unidos sobre la posible no custodia de \u00c9dgar Vald\u00e9z Villarreal, La Barbie, identificado como uno de los m\u00e1s poderosos operadores de los C\u00e1rteles de Sinaloa y de los Beltr\u00e1n Leyva. <\/p>\n\n\n\n<p>En la conferencia ma\u00f1anera de Palacio Nacional, el mandatario consider\u00f3 necesario saber cu\u00e1l fue el arreglo con el delincuente, si es que se confirma que La Barbie ya no se encuentra en la c\u00e1rcel.<\/p>\n\n\n\n<blockquote class=\"wp-block-quote is-layout-flow wp-block-quote-is-layout-flow\"><p>\u201cHay que ver si es cierto porque se est\u00e1 pidiendo informaci\u00f3n, ya lo est\u00e1 haciendo Relaciones Exteriores y lo est\u00e1 haciendo la Secretar\u00eda de Seguridad, hoy se va a saber si no est\u00e1 preso hay que ver cu\u00e1l fue el arreglo porque su sentencia era por varios a\u00f1os\u201d, subray\u00f3.<\/p><\/blockquote>\n\n\n\n<p> L\u00f3pez Obrador mencion\u00f3 que Valdez Villarreal tiene tambi\u00e9n denuncias en M\u00e9xico, sin embargo, pidi\u00f3 esperar a que haya un comunicado oficial por parte de las autoridades estadunidenses. <\/p>\n\n\n\n<blockquote class=\"wp-block-quote is-layout-flow wp-block-quote-is-layout-flow\"><p>\u201cEsto se dio a conocer ayer por el peri\u00f3dico MILENIO, qui\u00e9n sabe cu\u00e1l es su fuente, desde luego debe ser una agencia estadunidense, porque ni modo que se est\u00e9 buscando en la lista de todos los presos si est\u00e1n o no est\u00e1n. Alguien sab\u00eda o quer\u00eda que se supiera y filtr\u00f3 la informaci\u00f3n\u201d, agreg\u00f3. <\/p><\/blockquote>\n\n\n\n<p>Fuente: <a href=\"https:\/\/www.milenio.com\/politica\/barbie-sre-sspc-piden-informacion-eu-custodia\" data-type=\"URL\" data-id=\"https:\/\/www.milenio.com\/politica\/barbie-sre-sspc-piden-informacion-eu-custodia\">Milenio<\/a><\/p>\n","protected":false},"excerpt":{"rendered":"<p>El presidente Andr\u00e9s Manuel L\u00f3pez Obrador inform\u00f3 que la Secretar\u00eda de Relaciones Exteriores (SRE) y la Secretar\u00eda de Seguridad y Protecci\u00f3n Ciudadana (SSPC) pidieron al gobierno de Estados Unidos sobre la posible no custodia de \u00c9dgar Vald\u00e9z Villarreal, La Barbie, identificado como uno de los m\u00e1s poderosos operadores de los C\u00e1rteles de Sinaloa y de [&hellip;]<\/p>\n","protected":false},"author":35,"featured_media":80608,"comment_status":"open","ping_status":"open","sticky":false,"template":"","format":"standard","meta":{"_monsterinsights_skip_tracking":false,"_monsterinsights_sitenote_active":false,"_monsterinsights_sitenote_note":"","_monsterinsights_sitenote_category":0,"footnotes":""},"categories":[158],"tags":[21422,183,4022,21435,21434,9553,2924],"class_list":["post-84451","post","type-post","status-publish","format-standard","has-post-thumbnail","hentry","category-politica","tag-edgar-valdez-villarreal","tag-estados-unidos","tag-informacion","tag-la-barbie","tag-no-custodia","tag-presunta","tag-sspc","wp-image-borders"],"amp_enabled":true,"_links":{"self":[{"href":"https:\/\/nvnoticias.mx\/index.php\/wp-json\/wp\/v2\/posts\/84451","targetHints":{"allow":["GET"]}}],"collection":[{"href":"https:\/\/nvnoticias.mx\/index.php\/wp-json\/wp\/v2\/posts"}],"about":[{"href":"https:\/\/nvnoticias.mx\/index.php\/wp-json\/wp\/v2\/types\/post"}],"author":[{"embeddable":true,"href":"https:\/\/nvnoticias.mx\/index.php\/wp-json\/wp\/v2\/users\/35"}],"replies":[{"embeddable":true,"href":"https:\/\/nvnoticias.mx\/index.php\/wp-json\/wp\/v2\/comments?post=84451"}],"version-history":[{"count":1,"href":"https:\/\/nvnoticias.mx\/index.php\/wp-json\/wp\/v2\/posts\/84451\/revisions"}],"predecessor-version":[{"id":84454,"href":"https:\/\/nvnoticias.mx\/index.php\/wp-json\/wp\/v2\/posts\/84451\/revisions\/84454"}],"wp:featuredmedia":[{"embeddable":true,"href":"https:\/\/nvnoticias.mx\/index.php\/wp-json\/wp\/v2\/media\/80608"}],"wp:attachment":[{"href":"https:\/\/nvnoticias.mx\/index.php\/wp-json\/wp\/v2\/media?parent=84451"}],"wp:term":[{"taxonomy":"category","embeddable":true,"href":"https:\/\/nvnoticias.mx\/index.php\/wp-json\/wp\/v2\/categories?post=84451"},{"taxonomy":"post_tag","embeddable":true,"href":"https:\/\/nvnoticias.mx\/index.php\/wp-json\/wp\/v2\/tags?post=84451"}],"curies":[{"name":"wp","href":"https:\/\/api.w.org\/{rel}","templated":true}]}}