{"id":84440,"date":"2022-11-29T12:07:52","date_gmt":"2022-11-29T18:07:52","guid":{"rendered":"https:\/\/nvnoticias.mx\/?p=84440"},"modified":"2022-11-29T12:07:53","modified_gmt":"2022-11-29T18:07:53","slug":"qatar-y-el-exhibicionismo-mexicano","status":"publish","type":"post","link":"https:\/\/nvnoticias.mx\/index.php\/2022\/11\/29\/qatar-y-el-exhibicionismo-mexicano\/","title":{"rendered":"Qatar y el exhibicionismo mexicano"},"content":{"rendered":"\n<p>Algo sucede con el mexicano cuando viaja en plan de turismo: pretende hacerse notar y convertirse en foco de atenci\u00f3n p\u00fablica, para lo cual asume conductas retadoras, como romper las reglas al introducir bebidas alcoh\u00f3licas a un pa\u00eds tan fundamentalista moralmente, como lo es\u00a0Qatar, donde el\u00a0consumo de alcohol\u00a0est\u00e1 penado por las leyes isl\u00e1micas. Peor a\u00fan es vanagloriarse de haberlo hecho y difundirlo en redes sociales.<\/p>\n\n\n\n<p>Reprobable la noticia de la trifulca a golpes de un grupo de aficionados mexicanos en contra de los hinchas de la\u00a0selecci\u00f3n argentina.<\/p>\n\n\n\n<p>El \u00e1nimo festivo, -canalizado a trav\u00e9s del humor-, que caracteriza a la idiosincrasia mexicana se manifiesta espont\u00e1neamente, sin considerar que detr\u00e1s de la conducta de nuestros connacionales se va construyendo una\u00a0reputaci\u00f3n nacional\u00a0en el exterior que nos representa al resto de los mexicanos, -pues adem\u00e1s-, acostumbramos exhibirnos en el exterior con los s\u00edmbolos ic\u00f3nicos de nuestra cultura, incluso los colores de nuestra bandera.<\/p>\n\n\n\n<p>Definitivamente, cuando salimos al exterior a\u00a0eventos p\u00fablicos relevantes surge una imperiosa necesidad de gritarle al mundo que existimos.<\/p>\n\n\n\n<p>Sin embargo, la prudencia nos debe indicar los l\u00edmites y entender que para otras culturas, -de otros pa\u00edses-, lastimar sus valores, tradiciones y la conducta, puede tener consecuencias graves.<\/p>\n\n\n\n<p>El\u00a0ISLAM\u00a0tiene una disciplina moral que rebasa las tradiciones de los pa\u00edses m\u00e1s r\u00edgidos de occidente y para entenderlo debemos recordar el conflicto social y pol\u00edtico que vive la rep\u00fablica de Ir\u00e1n a partir del asesinato de\u00a0Masha Amini\u00a0a manos del r\u00e9gimen iran\u00ed, quien fue detenida el 16 de septiembre pasado por la \u201cpolic\u00eda moral\u201d, simplemente por llevar mal puesto el velo que obligatoriamente, -por tradiciones religiosas-, deben utilizar las mujeres.<\/p>\n\n\n\n<p>Seguramente el gobierno de\u00a0Qatar\u00a0ha considerado que la avalancha de turistas que acudir\u00e1n al mundial de futbol significa la llegada de otros valores sociales y religiosos que podr\u00e1n incomodar a las costumbres y valores isl\u00e1micos.<\/p>\n\n\n\n<p>Sin embargo, la flexibilidad moral que prevalece en M\u00e9xico y la falta de consecuencias jur\u00eddicas para quien trasgrede las reglas de nuestra moral p\u00fablica, nos distorsiona las responsabilidades que asumimos al viajar a otros pa\u00edses, principalmente al\u00a0ISLAM.<\/p>\n\n\n\n<p>La canciller\u00eda debe fortalecer a\u00fan m\u00e1s la comunicaci\u00f3n con nuestros paisanos para evitar problemas judiciales que pongan en riesgo la integridad f\u00edsica de nuestros connacionales, como derivaci\u00f3n de un castigo corporal, -por una parte-, y arriesgar nuestra relaci\u00f3n diplom\u00e1tica con el\u00a0gobierno de Qatar.<\/p>\n\n\n\n<h4 class=\"wp-block-heading\">EL COLEGIO WILLIAMS<\/h4>\n\n\n\n<p>La detenci\u00f3n de la maestra de nataci\u00f3n y del guardavidas por la muerte del ni\u00f1o Abner, ahogado en la piscina de la escuela es un abuso judicial \u00bfy la\u00a0CNDH?&#8230; perdida, inexistente.<\/p>\n\n\n\n<p>Diferente es el abuso sexual contra de la menor\u00a0Tefy\u00a0y las responsabilidades que debe asumir la instituci\u00f3n para esclarecer el caso, debiendo colaborar en la\u00a0investigaci\u00f3n judicial\u00a0para descubrir la verdad.<\/p>\n\n\n\n<p>En el caso de\u00a0Abner\u00a0puede haber descuido, pero no intenci\u00f3n y en el caso de Tefy debe investigarse el posible delito.<\/p>\n\n\n\n<h4 class=\"wp-block-heading\">RECLAMO AL BID<\/h4>\n\n\n\n<p>Son indiscutibles los m\u00e9ritos profesionales y la capacidad del mexicano Gerardo Esquivel, quien fuera subgobernador de\u00a0El Banco de M\u00e9xico, para dirigir el Banco Interamericano de Desarrollo, el BID.<\/p>\n\n\n\n<p>Sin embargo, quienes debieron votar en uso leg\u00edtimo de sus atribuciones se decidieron por otro de los candidatos, el\u00a0brasile\u00f1o Ilan Goldfajn\u00a0en lugar de nuestro paisano Esquivel.<\/p>\n\n\n\n<p>Son las circunstancias que definen la competencia. Por tanto, hay que saber perder, tal y como lo hizo\u00a0Gerardo Esquivel, -nuestro candidato-, hablando bien de las cualidades de Goldfajn, lo cual lo perfila como hombre honorable y profesional.<\/p>\n\n\n\n<p>Sin embargo, quien no aprende a\u00fan a actuar como \u201cestadista\u201d es el\u00a0presidente L\u00f3pez Obrador, quien durante la ma\u00f1anera del lunes 21 descalific\u00f3 al BID con total actitud de resentimiento por no haber aceptado a su candidato. Lo toma como una afrenta personal, lo cual evidencia su incapacidad para aceptar con dignidad las derrotas. En pol\u00edtica a veces se gana, pero hay que prepararse para algunas derrotas. Son las reglas de la competencia, as\u00ed como de la democracia.<\/p>\n\n\n\n<p>\u00bfY a usted qu\u00e9 le parece? <\/p>\n\n\n\n<p><em>Presidente de la Academia Mexicana de la Comunicaci\u00f3n.<br>Facebook: @Ricardo.Homs1<br>Twitter: @homsricardo<br>Linkedin: Ricardo Homs<br><a href=\"http:\/\/www.ricardohoms.com\/\">www.ricardohoms.com<\/a><\/em><\/p>\n","protected":false},"excerpt":{"rendered":"<p>Algo sucede con el mexicano cuando viaja en plan de turismo: pretende hacerse notar y convertirse en foco de atenci\u00f3n p\u00fablica, para lo cual asume conductas retadoras, como romper las reglas al introducir bebidas alcoh\u00f3licas a un pa\u00eds tan fundamentalista moralmente, como lo es\u00a0Qatar, donde el\u00a0consumo de alcohol\u00a0est\u00e1 penado por las leyes isl\u00e1micas. Peor a\u00fan [&hellip;]<\/p>\n","protected":false},"author":18,"featured_media":84443,"comment_status":"open","ping_status":"open","sticky":false,"template":"","format":"standard","meta":{"_monsterinsights_skip_tracking":false,"_monsterinsights_sitenote_active":false,"_monsterinsights_sitenote_note":"","_monsterinsights_sitenote_category":0,"footnotes":""},"categories":[246],"tags":[173],"class_list":["post-84440","post","type-post","status-publish","format-standard","has-post-thumbnail","hentry","category-ricardo-homs","tag-ricardo-homs","wp-image-borders"],"amp_enabled":true,"_links":{"self":[{"href":"https:\/\/nvnoticias.mx\/index.php\/wp-json\/wp\/v2\/posts\/84440","targetHints":{"allow":["GET"]}}],"collection":[{"href":"https:\/\/nvnoticias.mx\/index.php\/wp-json\/wp\/v2\/posts"}],"about":[{"href":"https:\/\/nvnoticias.mx\/index.php\/wp-json\/wp\/v2\/types\/post"}],"author":[{"embeddable":true,"href":"https:\/\/nvnoticias.mx\/index.php\/wp-json\/wp\/v2\/users\/18"}],"replies":[{"embeddable":true,"href":"https:\/\/nvnoticias.mx\/index.php\/wp-json\/wp\/v2\/comments?post=84440"}],"version-history":[{"count":1,"href":"https:\/\/nvnoticias.mx\/index.php\/wp-json\/wp\/v2\/posts\/84440\/revisions"}],"predecessor-version":[{"id":84447,"href":"https:\/\/nvnoticias.mx\/index.php\/wp-json\/wp\/v2\/posts\/84440\/revisions\/84447"}],"wp:featuredmedia":[{"embeddable":true,"href":"https:\/\/nvnoticias.mx\/index.php\/wp-json\/wp\/v2\/media\/84443"}],"wp:attachment":[{"href":"https:\/\/nvnoticias.mx\/index.php\/wp-json\/wp\/v2\/media?parent=84440"}],"wp:term":[{"taxonomy":"category","embeddable":true,"href":"https:\/\/nvnoticias.mx\/index.php\/wp-json\/wp\/v2\/categories?post=84440"},{"taxonomy":"post_tag","embeddable":true,"href":"https:\/\/nvnoticias.mx\/index.php\/wp-json\/wp\/v2\/tags?post=84440"}],"curies":[{"name":"wp","href":"https:\/\/api.w.org\/{rel}","templated":true}]}}