{"id":84415,"date":"2022-11-29T11:06:11","date_gmt":"2022-11-29T17:06:11","guid":{"rendered":"https:\/\/nvnoticias.mx\/?p=84415"},"modified":"2022-11-29T11:06:12","modified_gmt":"2022-11-29T17:06:12","slug":"nuevo-presidente-del-poder-judicial-del-estado-debera-contar-con-carrera-y-perfil-adecuado","status":"publish","type":"post","link":"https:\/\/nvnoticias.mx\/index.php\/2022\/11\/29\/nuevo-presidente-del-poder-judicial-del-estado-debera-contar-con-carrera-y-perfil-adecuado\/","title":{"rendered":"Nuevo presidente del Poder Judicial del Estado deber\u00e1 contar con carrera y perfil adecuado"},"content":{"rendered":"\n<p><strong>Jes\u00fas Utrilla | NV Noticias<\/strong><\/p>\n\n\n\n<p>El nuevo titular del Poder Judicial del Estado de Veracruz deber\u00e1 contar con el perfil adecuado y resolver los problemas de infraestructura, se\u00f1al\u00f3 Rosario Guadalupe Gayot Lara, presidenta del Colegio de Abogados de Veracruz.<\/p>\n\n\n\n<p>A su parecer Isabel Romero Cruz, presidenta saliente del Poder Judicial del Estado, dej\u00f3 mucho que desear en impartici\u00f3n de justicia y en la operatividad y condici\u00f3n de las ciudades judiciales de la entidad.<\/p>\n\n\n\n<p>Reiter\u00f3 que se deber\u00e1 evitar la designaci\u00f3n por amiguismos para que el Poder Judicial cuente con un representante que realmente mejore las condiciones en Veracruz.<\/p>\n\n\n\n<blockquote class=\"wp-block-quote is-layout-flow wp-block-quote-is-layout-flow\"><p>\u201cSe mencionan muchos candidatos, pero al momento son rumores, pero nosotros los que consideramos que tienen el perfil y pudieran desempe\u00f1ar ese papel por la experiencia que tiene y porque tienen carrera judicial ser\u00eda Esteban Mart\u00ednez, que es consejero y una magistrada\u201d.<\/p><\/blockquote>\n\n\n\n<p>El tribunal est\u00e1 integrado por 9 salas. Los 9 presidentes de sala integran el pleno, mismo que decide por mayor\u00eda quien ser\u00e1 presidente o presidenta del Tribunal Superior de Justicia.<br>Ser\u00e1 en los primeros d\u00edas de diciembre cuando el pleno del Poder Judicial del Estado de Veracruz sesione para elegir titilar para el periodo \u202a2022-2025\u202c.<\/p>\n\n\n\n<blockquote class=\"wp-block-quote is-layout-flow wp-block-quote-is-layout-flow\"><p>\u201cEl primer tema a abordar deber\u00e1 ser el financiero y de ah\u00ed deriva todo, porque al no tener finanzas sanas es el mejor pretexto para no llevar a cabo el mantenimiento en las ciudades judiciales donde hay filtraciones de agua, no sirven los climas, fallan los elevadores, falta de pintura, entre otros problemas\u201d.<\/p><\/blockquote>\n\n\n\n<p>Insisti\u00f3 en que el pr\u00f3ximo magistrado (a) en estar al frente del Poder Judicial deber\u00e1 de realizar acciones para que la justicia sea pronta y expedita.<br>Oficialmente el periodo de Isabel Romero Cruz concluye este mi\u00e9rcoles 30 de noviembre.<\/p>\n","protected":false},"excerpt":{"rendered":"<p>Jes\u00fas Utrilla | NV Noticias El nuevo titular del Poder Judicial del Estado de Veracruz deber\u00e1 contar con el perfil adecuado y resolver los problemas de infraestructura, se\u00f1al\u00f3 Rosario Guadalupe Gayot Lara, presidenta del Colegio de Abogados de Veracruz. A su parecer Isabel Romero Cruz, presidenta saliente del Poder Judicial del Estado, dej\u00f3 mucho que [&hellip;]<\/p>\n","protected":false},"author":35,"featured_media":18640,"comment_status":"open","ping_status":"open","sticky":false,"template":"","format":"standard","meta":{"_monsterinsights_skip_tracking":false,"_monsterinsights_sitenote_active":false,"_monsterinsights_sitenote_note":"","_monsterinsights_sitenote_category":0,"footnotes":""},"categories":[154],"tags":[5102,10654,13854,8003,21428,4761,411],"class_list":["post-84415","post","type-post","status-publish","format-standard","has-post-thumbnail","hentry","category-veracruz","tag-carrera","tag-contar","tag-debera-2","tag-nuevo","tag-perfil-adecuado","tag-poder-judicial-del-estado-de-veracruz","tag-presidente","wp-image-borders"],"amp_enabled":true,"_links":{"self":[{"href":"https:\/\/nvnoticias.mx\/index.php\/wp-json\/wp\/v2\/posts\/84415","targetHints":{"allow":["GET"]}}],"collection":[{"href":"https:\/\/nvnoticias.mx\/index.php\/wp-json\/wp\/v2\/posts"}],"about":[{"href":"https:\/\/nvnoticias.mx\/index.php\/wp-json\/wp\/v2\/types\/post"}],"author":[{"embeddable":true,"href":"https:\/\/nvnoticias.mx\/index.php\/wp-json\/wp\/v2\/users\/35"}],"replies":[{"embeddable":true,"href":"https:\/\/nvnoticias.mx\/index.php\/wp-json\/wp\/v2\/comments?post=84415"}],"version-history":[{"count":1,"href":"https:\/\/nvnoticias.mx\/index.php\/wp-json\/wp\/v2\/posts\/84415\/revisions"}],"predecessor-version":[{"id":84417,"href":"https:\/\/nvnoticias.mx\/index.php\/wp-json\/wp\/v2\/posts\/84415\/revisions\/84417"}],"wp:featuredmedia":[{"embeddable":true,"href":"https:\/\/nvnoticias.mx\/index.php\/wp-json\/wp\/v2\/media\/18640"}],"wp:attachment":[{"href":"https:\/\/nvnoticias.mx\/index.php\/wp-json\/wp\/v2\/media?parent=84415"}],"wp:term":[{"taxonomy":"category","embeddable":true,"href":"https:\/\/nvnoticias.mx\/index.php\/wp-json\/wp\/v2\/categories?post=84415"},{"taxonomy":"post_tag","embeddable":true,"href":"https:\/\/nvnoticias.mx\/index.php\/wp-json\/wp\/v2\/tags?post=84415"}],"curies":[{"name":"wp","href":"https:\/\/api.w.org\/{rel}","templated":true}]}}