{"id":8441,"date":"2021-03-21T13:00:39","date_gmt":"2021-03-21T19:00:39","guid":{"rendered":"https:\/\/nvnoticias.mx\/?p=8441"},"modified":"2021-03-21T13:00:40","modified_gmt":"2021-03-21T19:00:40","slug":"casetas-telefonicas-a-punto-de-desaparecer-basurero","status":"publish","type":"post","link":"https:\/\/nvnoticias.mx\/index.php\/2021\/03\/21\/casetas-telefonicas-a-punto-de-desaparecer-basurero\/","title":{"rendered":"Casetas telef\u00f3nicas a punto de desaparecer; ya se usan de basurero"},"content":{"rendered":"\n<p><strong>Jes\u00fas Utrilla \/ NV Noticias<\/strong><\/p>\n\n\n\n<p>Veracruz.- Los tel\u00e9fonos p\u00fablicos o casetas telef\u00f3nicas est\u00e1n a punto de desparecer, pues fueron desplazados por las nuevas tecnolog\u00edas.<\/p>\n\n\n\n<p>Incluso en la ciudad de Veracruz se les puede ver abandonados, con cables arrancados, bocinas descolgadas y llenas de basura.<\/p>\n\n\n\n<p>Ahora es raro ver a alguien sin tel\u00e9fono celular y ante ello las casetas comenzaron a dar mal aspecto e incluso estorbar.<\/p>\n\n\n\n<p>Ahora quienes ocupan las casetas es porque les cortaron la l\u00ednea telef\u00f3nica por falta de pago o para una llamada de emergencia de cualquier tipo a un familiar, amigo o el trabajo.<\/p>\n\n\n\n<p>A mediados de los 90s las casetas telef\u00f3nicas tuvieron su gran auge porque se acud\u00eda a la tiendita de la esquina o al supermercado y se adquir\u00eda una tarjeta de saldo y eran pr\u00e1cticas.<\/p>\n\n\n\n<p>Los tel\u00e9fonos p\u00fablicos de moneda fueron y aunque no est\u00e1n extintos del todo, las nuevas generaciones los ven como si fueran cosa del pasado pues la gran mayor\u00eda de ellos se encuentran en las calles sucios o ya muy acabados.<\/p>\n\n\n\n<p>En medida que la zona conurbada va teniendo sus modificaciones va disminuyendo la cantidad de casetas y de tel\u00e9fonos p\u00fablicos, sobre todos los de monedas.<\/p>\n","protected":false},"excerpt":{"rendered":"<p>Jes\u00fas Utrilla \/ NV Noticias Veracruz.- Los tel\u00e9fonos p\u00fablicos o casetas telef\u00f3nicas est\u00e1n a punto de desparecer, pues fueron desplazados por las nuevas tecnolog\u00edas. Incluso en la ciudad de Veracruz se les puede ver abandonados, con cables arrancados, bocinas descolgadas y llenas de basura. Ahora es raro ver a alguien sin tel\u00e9fono celular y ante [&hellip;]<\/p>\n","protected":false},"author":6,"featured_media":8442,"comment_status":"open","ping_status":"open","sticky":false,"template":"","format":"standard","meta":{"_monsterinsights_skip_tracking":false,"_monsterinsights_sitenote_active":false,"_monsterinsights_sitenote_note":"","_monsterinsights_sitenote_category":0,"footnotes":""},"categories":[154],"tags":[2448,2447,2449],"class_list":["post-8441","post","type-post","status-publish","format-standard","has-post-thumbnail","hentry","category-veracruz","tag-basurero","tag-casetas-telefonicas","tag-desaparecer","wp-image-borders"],"amp_enabled":true,"_links":{"self":[{"href":"https:\/\/nvnoticias.mx\/index.php\/wp-json\/wp\/v2\/posts\/8441","targetHints":{"allow":["GET"]}}],"collection":[{"href":"https:\/\/nvnoticias.mx\/index.php\/wp-json\/wp\/v2\/posts"}],"about":[{"href":"https:\/\/nvnoticias.mx\/index.php\/wp-json\/wp\/v2\/types\/post"}],"author":[{"embeddable":true,"href":"https:\/\/nvnoticias.mx\/index.php\/wp-json\/wp\/v2\/users\/6"}],"replies":[{"embeddable":true,"href":"https:\/\/nvnoticias.mx\/index.php\/wp-json\/wp\/v2\/comments?post=8441"}],"version-history":[{"count":1,"href":"https:\/\/nvnoticias.mx\/index.php\/wp-json\/wp\/v2\/posts\/8441\/revisions"}],"predecessor-version":[{"id":8443,"href":"https:\/\/nvnoticias.mx\/index.php\/wp-json\/wp\/v2\/posts\/8441\/revisions\/8443"}],"wp:featuredmedia":[{"embeddable":true,"href":"https:\/\/nvnoticias.mx\/index.php\/wp-json\/wp\/v2\/media\/8442"}],"wp:attachment":[{"href":"https:\/\/nvnoticias.mx\/index.php\/wp-json\/wp\/v2\/media?parent=8441"}],"wp:term":[{"taxonomy":"category","embeddable":true,"href":"https:\/\/nvnoticias.mx\/index.php\/wp-json\/wp\/v2\/categories?post=8441"},{"taxonomy":"post_tag","embeddable":true,"href":"https:\/\/nvnoticias.mx\/index.php\/wp-json\/wp\/v2\/tags?post=8441"}],"curies":[{"name":"wp","href":"https:\/\/api.w.org\/{rel}","templated":true}]}}