{"id":84359,"date":"2022-11-28T15:34:09","date_gmt":"2022-11-28T21:34:09","guid":{"rendered":"https:\/\/nvnoticias.mx\/?p=84359"},"modified":"2022-11-28T15:34:10","modified_gmt":"2022-11-28T21:34:10","slug":"presentan-convocatoria-a-la-medalla-maria-teresa-de-medina-y-miranda","status":"publish","type":"post","link":"https:\/\/nvnoticias.mx\/index.php\/2022\/11\/28\/presentan-convocatoria-a-la-medalla-maria-teresa-de-medina-y-miranda\/","title":{"rendered":"Presentan convocatoria a la medalla Mar\u00eda Teresa de Medina y Miranda"},"content":{"rendered":"\n<p>Xalapa, Ver.- Para reconocer el trabajo, promoci\u00f3n y defensa de los Derechos Humanos de las mujeres, el Ayuntamiento, a trav\u00e9s del Instituto Municipal de las Mujeres de Xalapa (IMMX) y la Comisi\u00f3n Edilicia de Igualdad de G\u00e9nero, present\u00f3 la convocatoria para la entrega de la medalla Mar\u00eda Teresa de Medina y Miranda 2023.<\/p>\n\n\n\n<p>De acuerdo con la directora del Instituto, Zaira Fabiola del Toro Olivares, esta condecoraci\u00f3n est\u00e1 dirigida a mujeres de entre 18 y 70 a\u00f1os, que se destaquen por su trabajo en territorio y actividades cotidianas. No es requisito contar con t\u00edtulo profesional, cargo p\u00fablico o pertenecer a la sociedad civil organizada.<\/p>\n\n\n\n<p>Explic\u00f3 que las nominaciones a esta medalla podr\u00e1n realizarse en las instalaciones del IMMX, ubicado en la avenida Manuel \u00c1vila Camacho 220, presentando INE, comprobante de domicilio que acredite residencia en el municipio, n\u00famero de contacto y una semblanza que explique los motivos por los cuales podr\u00eda ser acreedora a la condecoraci\u00f3n.<\/p>\n\n\n\n<p>Tambi\u00e9n puede efectuarse a trav\u00e9s del correo electr\u00f3nico medallainsurgente2225@gmail.com, enviando los mismos archivos en formato PDF o JPG.<\/p>\n\n\n\n<p>La regidora Martha Valentina Dom\u00ednguez V\u00e1squez dijo que esta convocatoria que permanecer\u00e1 abierta hasta el 15 de febrero de 2023, tiene que ver con un reconocimiento a las mujeres de la zona urbana u rural que se destacan en la dif\u00edcil tarea de erradicar la violencia hacia las mujeres y las ni\u00f1as en nuestro municipio.<\/p>\n\n\n\n<p>Detall\u00f3 que el jurado estar\u00e1 integrado por funcionarias del Instituto, quienes decidir\u00e1n a la candidata ganadora para recibir la medalla el pr\u00f3ximo 8 de marzo de 2023, en Sesi\u00f3n Solemne de Cabildo.<\/p>\n\n\n\n<p>Finalmente, la regidora Mar\u00eda Guadalupe M\u00e1rquez Leonardo destac\u00f3 que esta entrega se realiza en el marco del D\u00eda Internacional de la Mujer, y se hace precisamente en honor a una mujer xalape\u00f1a de car\u00e1cter fuerte y ejemplar como lo fue Mar\u00eda Teresa de Medina y Miranda.<\/p>\n\n\n\n<div class=\"wp-block-image\"><figure class=\"aligncenter size-large is-resized\"><img loading=\"lazy\" decoding=\"async\" src=\"https:\/\/nvnoticias.mx\/wp-content\/uploads\/2022\/11\/WhatsApp-Image-2022-11-28-at-3.05.21-PM-1024x682.jpeg\" alt=\"\" class=\"wp-image-84360\" width=\"624\" height=\"415\" srcset=\"https:\/\/nvnoticias.mx\/wp-content\/uploads\/2022\/11\/WhatsApp-Image-2022-11-28-at-3.05.21-PM-1024x682.jpeg 1024w, https:\/\/nvnoticias.mx\/wp-content\/uploads\/2022\/11\/WhatsApp-Image-2022-11-28-at-3.05.21-PM-300x200.jpeg 300w, https:\/\/nvnoticias.mx\/wp-content\/uploads\/2022\/11\/WhatsApp-Image-2022-11-28-at-3.05.21-PM-768x512.jpeg 768w, https:\/\/nvnoticias.mx\/wp-content\/uploads\/2022\/11\/WhatsApp-Image-2022-11-28-at-3.05.21-PM-1536x1023.jpeg 1536w, https:\/\/nvnoticias.mx\/wp-content\/uploads\/2022\/11\/WhatsApp-Image-2022-11-28-at-3.05.21-PM.jpeg 1600w\" sizes=\"auto, (max-width: 624px) 100vw, 624px\" \/><\/figure><\/div>\n\n\n\n<div class=\"wp-block-image\"><figure class=\"aligncenter size-large is-resized\"><img loading=\"lazy\" decoding=\"async\" src=\"https:\/\/nvnoticias.mx\/wp-content\/uploads\/2022\/11\/WhatsApp-Image-2022-11-28-at-3.05.20-PM-753x1024.jpeg\" alt=\"\" class=\"wp-image-84361\" width=\"603\" height=\"819\" srcset=\"https:\/\/nvnoticias.mx\/wp-content\/uploads\/2022\/11\/WhatsApp-Image-2022-11-28-at-3.05.20-PM-753x1024.jpeg 753w, https:\/\/nvnoticias.mx\/wp-content\/uploads\/2022\/11\/WhatsApp-Image-2022-11-28-at-3.05.20-PM-221x300.jpeg 221w, https:\/\/nvnoticias.mx\/wp-content\/uploads\/2022\/11\/WhatsApp-Image-2022-11-28-at-3.05.20-PM-768x1045.jpeg 768w, https:\/\/nvnoticias.mx\/wp-content\/uploads\/2022\/11\/WhatsApp-Image-2022-11-28-at-3.05.20-PM-1129x1536.jpeg 1129w, https:\/\/nvnoticias.mx\/wp-content\/uploads\/2022\/11\/WhatsApp-Image-2022-11-28-at-3.05.20-PM.jpeg 1176w\" sizes=\"auto, (max-width: 603px) 100vw, 603px\" \/><\/figure><\/div>\n\n\n\n<p><\/p>\n","protected":false},"excerpt":{"rendered":"<p>Xalapa, Ver.- Para reconocer el trabajo, promoci\u00f3n y defensa de los Derechos Humanos de las mujeres, el Ayuntamiento, a trav\u00e9s del Instituto Municipal de las Mujeres de Xalapa (IMMX) y la Comisi\u00f3n Edilicia de Igualdad de G\u00e9nero, present\u00f3 la convocatoria para la entrega de la medalla Mar\u00eda Teresa de Medina y Miranda 2023. De acuerdo [&hellip;]<\/p>\n","protected":false},"author":8,"featured_media":84363,"comment_status":"open","ping_status":"open","sticky":false,"template":"","format":"standard","meta":{"_monsterinsights_skip_tracking":false,"_monsterinsights_sitenote_active":false,"_monsterinsights_sitenote_note":"","_monsterinsights_sitenote_category":0,"footnotes":""},"categories":[156],"tags":[286,21411],"class_list":["post-84359","post","type-post","status-publish","format-standard","has-post-thumbnail","hentry","category-estado","tag-convocatoria","tag-medalla-maria-teresa-de-medina-y-miranda","wp-image-borders"],"amp_enabled":true,"_links":{"self":[{"href":"https:\/\/nvnoticias.mx\/index.php\/wp-json\/wp\/v2\/posts\/84359","targetHints":{"allow":["GET"]}}],"collection":[{"href":"https:\/\/nvnoticias.mx\/index.php\/wp-json\/wp\/v2\/posts"}],"about":[{"href":"https:\/\/nvnoticias.mx\/index.php\/wp-json\/wp\/v2\/types\/post"}],"author":[{"embeddable":true,"href":"https:\/\/nvnoticias.mx\/index.php\/wp-json\/wp\/v2\/users\/8"}],"replies":[{"embeddable":true,"href":"https:\/\/nvnoticias.mx\/index.php\/wp-json\/wp\/v2\/comments?post=84359"}],"version-history":[{"count":1,"href":"https:\/\/nvnoticias.mx\/index.php\/wp-json\/wp\/v2\/posts\/84359\/revisions"}],"predecessor-version":[{"id":84364,"href":"https:\/\/nvnoticias.mx\/index.php\/wp-json\/wp\/v2\/posts\/84359\/revisions\/84364"}],"wp:featuredmedia":[{"embeddable":true,"href":"https:\/\/nvnoticias.mx\/index.php\/wp-json\/wp\/v2\/media\/84363"}],"wp:attachment":[{"href":"https:\/\/nvnoticias.mx\/index.php\/wp-json\/wp\/v2\/media?parent=84359"}],"wp:term":[{"taxonomy":"category","embeddable":true,"href":"https:\/\/nvnoticias.mx\/index.php\/wp-json\/wp\/v2\/categories?post=84359"},{"taxonomy":"post_tag","embeddable":true,"href":"https:\/\/nvnoticias.mx\/index.php\/wp-json\/wp\/v2\/tags?post=84359"}],"curies":[{"name":"wp","href":"https:\/\/api.w.org\/{rel}","templated":true}]}}