{"id":84268,"date":"2022-11-28T09:25:09","date_gmt":"2022-11-28T15:25:09","guid":{"rendered":"https:\/\/nvnoticias.mx\/?p=84268"},"modified":"2022-11-28T09:25:10","modified_gmt":"2022-11-28T15:25:10","slug":"la-marcha-de-amlo-fue-del-mas-vulgar-acarreo-anaya","status":"publish","type":"post","link":"https:\/\/nvnoticias.mx\/index.php\/2022\/11\/28\/la-marcha-de-amlo-fue-del-mas-vulgar-acarreo-anaya\/","title":{"rendered":"La marcha de AMLO fue del m\u00e1s vulgar acarreo: Anaya"},"content":{"rendered":"\n<p>Ricardo Anaya critic\u00f3 la marcha de ayer convocada por el presidente Andr\u00e9s Manuel L\u00f3pez Obrador a la que el panista calific\u00f3 como \u201cla marcha del acarreo\u201d y \u201cla marcha del ego\u201d.<\/p>\n\n\n\n<p>Anaya denunci\u00f3 en su video semanal que \u201ccientos y cientos de camiones, pagados con tus impuestos\u201d, que \u201cllegaron desde la madrugada para traer a la gente. Y todo para que L\u00f3pez Obrador pudiera decir que su marcha fue m\u00e1s grande que la de hace dos semanas\u201d.<\/p>\n\n\n\n<blockquote class=\"wp-block-quote is-layout-flow wp-block-quote-is-layout-flow\"><p>\u201cY luego gente pagada por el gobierno, ve los chalecos, con tus impuestos, pegando la propaganda de la marcha del ego\u201d, expuso Anaya.<\/p><\/blockquote>\n\n\n\n<blockquote class=\"wp-block-quote is-layout-flow wp-block-quote-is-layout-flow\"><p>\u201c\u00bfDe d\u00f3nde crees que sale todo ese dinero? para responder: los tamales gratis los pagaste t\u00fa, con tus impuestos\u201d, asegur\u00f3.<\/p><\/blockquote>\n\n\n\n<p>El panista tambi\u00e9n mencion\u00f3 el presunto caso de los \u201cmiles y miles de tianguistas amenazados\u201d, a quienes obligaron a marchar advirti\u00e9ndoles \u201cque era obligatorio y que si no asist\u00edan, los castigaban por un a\u00f1o sin vender\u201d.<\/p>\n\n\n\n<blockquote class=\"wp-block-quote is-layout-flow wp-block-quote-is-layout-flow\"><p>\u201cY todas estas amenazas, todo este tiradero de dinero, de tus impuestos, todo porque hace dos semanas cientos de miles de ciudadanos pararon a L\u00f3pez Obrador en seco, cuando salieron de manera libre a defender al INE\u201d, record\u00f3 Anaya.<\/p><\/blockquote>\n\n\n\n<blockquote class=\"wp-block-quote is-layout-flow wp-block-quote-is-layout-flow\"><p>\u201cAyer vimos el m\u00e1s vulgar acarreo, con recursos p\u00fablicos, en la marcha del ego. Y en la perorata que se avent\u00f3 al final, pues volvi\u00f3 a quedar claro que L\u00f3pez Obrador podr\u00e1 ser el presidente de las palabras, pero no tiene palabra\u201d, dijo.<\/p><\/blockquote>\n\n\n\n<p>Anaya tambi\u00e9n enlist\u00f3 algunas de las promesas incumplidas de L\u00f3pez Obrador: \u201cJur\u00f3 que iba a ser el presidente de todos, y no lo es. Prometi\u00f3 que a la primera manifestaci\u00f3n de 100 mil se ir\u00eda, y no se fue. Prometi\u00f3 la gasolina a 10 y cuesta 22. Prometi\u00f3 acabar con la corrupci\u00f3n y ah\u00ed est\u00e1n sus hermanos recibiendo fajos de dinero. Prometi\u00f3 m\u00e1s seguridad y estamos peor que nunca\u201d.<\/p>\n\n\n\n<p>Tambi\u00e9n expuso que \u201cla deuda ya creci\u00f3 25% en 4 a\u00f1os, y de que no puede haber bienestar cuando \u201ca la gente no le alcanza porque todo sigue subiendo de precio\u201d.<\/p>\n\n\n\n<p>Finalmente, Ricardo Anaya propuso que en lugar de acarrear gente para llenar su egolatr\u00eda, es hora de que el presidente escuche lo que los mexicanos tienen que decir.<\/p>\n\n\n\n<blockquote class=\"wp-block-quote is-layout-flow wp-block-quote-is-layout-flow\"><p>\u201cQue acepte la realidad en vez de inventarla, y que se ponga a trabajar estos dos a\u00f1os que faltan, en vez de hacerla de matraquero, jefe de campa\u00f1a y vocero de partido\u201d, consider\u00f3.<\/p><\/blockquote>\n\n\n\n<p>Fuente: <a href=\"https:\/\/www.forbes.com.mx\/la-marcha-de-lopez-obrador-fue-del-mas-vulgar-acarreo-ricardo-anaya\/\" data-type=\"URL\" data-id=\"https:\/\/www.forbes.com.mx\/la-marcha-de-lopez-obrador-fue-del-mas-vulgar-acarreo-ricardo-anaya\/\">Forbes<\/a> <\/p>\n","protected":false},"excerpt":{"rendered":"<p>Ricardo Anaya critic\u00f3 la marcha de ayer convocada por el presidente Andr\u00e9s Manuel L\u00f3pez Obrador a la que el panista calific\u00f3 como \u201cla marcha del acarreo\u201d y \u201cla marcha del ego\u201d. Anaya denunci\u00f3 en su video semanal que \u201ccientos y cientos de camiones, pagados con tus impuestos\u201d, que \u201cllegaron desde la madrugada para traer a [&hellip;]<\/p>\n","protected":false},"author":35,"featured_media":59342,"comment_status":"open","ping_status":"open","sticky":false,"template":"","format":"standard","meta":{"_monsterinsights_skip_tracking":false,"_monsterinsights_sitenote_active":false,"_monsterinsights_sitenote_note":"","_monsterinsights_sitenote_category":0,"footnotes":""},"categories":[158],"tags":[21282,188,1507,509,21387],"class_list":["post-84268","post","type-post","status-publish","format-standard","has-post-thumbnail","hentry","category-politica","tag-acarreo","tag-amlo","tag-marcha","tag-ricardo-anaya","tag-vulgar","wp-image-borders"],"amp_enabled":true,"_links":{"self":[{"href":"https:\/\/nvnoticias.mx\/index.php\/wp-json\/wp\/v2\/posts\/84268","targetHints":{"allow":["GET"]}}],"collection":[{"href":"https:\/\/nvnoticias.mx\/index.php\/wp-json\/wp\/v2\/posts"}],"about":[{"href":"https:\/\/nvnoticias.mx\/index.php\/wp-json\/wp\/v2\/types\/post"}],"author":[{"embeddable":true,"href":"https:\/\/nvnoticias.mx\/index.php\/wp-json\/wp\/v2\/users\/35"}],"replies":[{"embeddable":true,"href":"https:\/\/nvnoticias.mx\/index.php\/wp-json\/wp\/v2\/comments?post=84268"}],"version-history":[{"count":4,"href":"https:\/\/nvnoticias.mx\/index.php\/wp-json\/wp\/v2\/posts\/84268\/revisions"}],"predecessor-version":[{"id":84272,"href":"https:\/\/nvnoticias.mx\/index.php\/wp-json\/wp\/v2\/posts\/84268\/revisions\/84272"}],"wp:featuredmedia":[{"embeddable":true,"href":"https:\/\/nvnoticias.mx\/index.php\/wp-json\/wp\/v2\/media\/59342"}],"wp:attachment":[{"href":"https:\/\/nvnoticias.mx\/index.php\/wp-json\/wp\/v2\/media?parent=84268"}],"wp:term":[{"taxonomy":"category","embeddable":true,"href":"https:\/\/nvnoticias.mx\/index.php\/wp-json\/wp\/v2\/categories?post=84268"},{"taxonomy":"post_tag","embeddable":true,"href":"https:\/\/nvnoticias.mx\/index.php\/wp-json\/wp\/v2\/tags?post=84268"}],"curies":[{"name":"wp","href":"https:\/\/api.w.org\/{rel}","templated":true}]}}