{"id":84228,"date":"2022-11-27T20:39:00","date_gmt":"2022-11-28T02:39:00","guid":{"rendered":"https:\/\/nvnoticias.mx\/?p=84228"},"modified":"2022-11-27T21:09:14","modified_gmt":"2022-11-28T03:09:14","slug":"despiden-en-iran-a-director-de-banco-por-atender-a-mujer-sin-velo","status":"publish","type":"post","link":"https:\/\/nvnoticias.mx\/index.php\/2022\/11\/27\/despiden-en-iran-a-director-de-banco-por-atender-a-mujer-sin-velo\/","title":{"rendered":"Despiden en Ir\u00e1n a director de banco por atender a mujer sin velo"},"content":{"rendered":"\n<p>El\u00a0director de un banco iran\u00ed fue destituido por atender a una clienta que no llevaba el velo, obligatorio para las mujeres, en un contexto de protestas en todo el pa\u00eds, informaron el domingo los medios locales.<\/p>\n\n\n\n<p>Desde la Revoluci\u00f3n Isl\u00e1mica de 1979, todas las mujeres est\u00e1n obligadas por ley a llevar un velo que les cubra la cabeza y el cuello y les oculte el pelo.<\/p>\n\n\n\n<blockquote class=\"wp-block-quote is-layout-flow wp-block-quote-is-layout-flow\"><p>&#8220;El\u00a0director de un banco de la provincia de Qom, que prest\u00f3 servicios bancarios el jueves a una mujer sin velo, fue destituido de su cargo por orden del gobernador&#8221;, indic\u00f3 el gobernador adjunto, Ahmad Hajizadeh, citado por la agencia de noticias Mehr.<\/p><\/blockquote>\n\n\n\n<p>El despido se produce en medio de un movimiento de protesta en todo el pa\u00eds desde la muerte, el 16 de septiembre, de una joven kurda iran\u00ed de 22 a\u00f1os detenida tres d\u00edas antes en Teher\u00e1n por la polic\u00eda de la moral, que la acusaba de violar el estricto c\u00f3digo de vestimenta de la Rep\u00fablica Isl\u00e1mica.<\/p>\n\n\n\n<p>Fuente: <a href=\"https:\/\/www.milenio.com\/internacional\/iran-despiden-director-banco-atender-mujer-velo\">Milenio<\/a><\/p>\n","protected":false},"excerpt":{"rendered":"<p>El\u00a0director de un banco iran\u00ed fue destituido por atender a una clienta que no llevaba el velo, obligatorio para las mujeres, en un contexto de protestas en todo el pa\u00eds, informaron el domingo los medios locales. Desde la Revoluci\u00f3n Isl\u00e1mica de 1979, todas las mujeres est\u00e1n obligadas por ley a llevar un velo que les [&hellip;]<\/p>\n","protected":false},"author":7,"featured_media":84229,"comment_status":"open","ping_status":"open","sticky":false,"template":"","format":"standard","meta":{"_monsterinsights_skip_tracking":false,"_monsterinsights_sitenote_active":false,"_monsterinsights_sitenote_note":"","_monsterinsights_sitenote_category":0,"footnotes":""},"categories":[181],"tags":[7384,5156,5665,204,9928],"class_list":["post-84228","post","type-post","status-publish","format-standard","has-post-thumbnail","hentry","category-internacional","tag-banco","tag-despido","tag-iran","tag-mujer","tag-velo","wp-image-borders"],"amp_enabled":true,"_links":{"self":[{"href":"https:\/\/nvnoticias.mx\/index.php\/wp-json\/wp\/v2\/posts\/84228","targetHints":{"allow":["GET"]}}],"collection":[{"href":"https:\/\/nvnoticias.mx\/index.php\/wp-json\/wp\/v2\/posts"}],"about":[{"href":"https:\/\/nvnoticias.mx\/index.php\/wp-json\/wp\/v2\/types\/post"}],"author":[{"embeddable":true,"href":"https:\/\/nvnoticias.mx\/index.php\/wp-json\/wp\/v2\/users\/7"}],"replies":[{"embeddable":true,"href":"https:\/\/nvnoticias.mx\/index.php\/wp-json\/wp\/v2\/comments?post=84228"}],"version-history":[{"count":1,"href":"https:\/\/nvnoticias.mx\/index.php\/wp-json\/wp\/v2\/posts\/84228\/revisions"}],"predecessor-version":[{"id":84230,"href":"https:\/\/nvnoticias.mx\/index.php\/wp-json\/wp\/v2\/posts\/84228\/revisions\/84230"}],"wp:featuredmedia":[{"embeddable":true,"href":"https:\/\/nvnoticias.mx\/index.php\/wp-json\/wp\/v2\/media\/84229"}],"wp:attachment":[{"href":"https:\/\/nvnoticias.mx\/index.php\/wp-json\/wp\/v2\/media?parent=84228"}],"wp:term":[{"taxonomy":"category","embeddable":true,"href":"https:\/\/nvnoticias.mx\/index.php\/wp-json\/wp\/v2\/categories?post=84228"},{"taxonomy":"post_tag","embeddable":true,"href":"https:\/\/nvnoticias.mx\/index.php\/wp-json\/wp\/v2\/tags?post=84228"}],"curies":[{"name":"wp","href":"https:\/\/api.w.org\/{rel}","templated":true}]}}